{"id":146082,"date":"2022-04-22T11:16:02","date_gmt":"2022-04-22T15:16:02","guid":{"rendered":"https:\/\/linitiative.ca\/International\/cas-dhepatite-aigue-detiologie-inconnue-le-ministere-de-la-sante-suit-de-pres-la-situation\/"},"modified":"2022-04-22T11:16:02","modified_gmt":"2022-04-22T15:16:02","slug":"cas-dhepatite-aigue-detiologie-inconnue-le-ministere-de-la-sante-suit-de-pres-la-situation","status":"publish","type":"post","link":"https:\/\/linitiative.ca\/International\/cas-dhepatite-aigue-detiologie-inconnue-le-ministere-de-la-sante-suit-de-pres-la-situation\/","title":{"rendered":"Cas d\u2019h\u00e9patite aigu\u00eb d\u2019\u00e9tiologie inconnue : le minist\u00e8re de la Sant\u00e9 suit de pr\u00e8s la situation"},"content":{"rendered":"<div>\n<p><img decoding=\"async\" width=\"300\" height=\"153\" src=\"https:\/\/linitiative.ca\/International\/wp-content\/uploads\/sites\/23\/2022\/04\/hepatite-c-300x153-1.jpg\" class=\"attachment-medium size-medium wp-post-image\" alt=\"\" loading=\"lazy\" srcset=\"https:\/\/linitiative.ca\/International\/wp-content\/uploads\/sites\/23\/2022\/04\/hepatite-c-300x153-1.jpg 300w, https:\/\/aujourdhui.ma\/wp-content\/uploads\/2019\/11\/hepatite-c.jpg 746w\" sizes=\"auto, (max-width: 300px) 100vw, 300px\"><\/p>\n<p>Le minist\u00e8re de la Sant\u00e9 et de la Protection sociale a affirm\u00e9, vendredi, suivre de pr\u00e8s la situation \u00e9pid\u00e9miologique d\u2019h\u00e9patite aigu\u00eb d\u2019\u00e9tiologie inconnue, depuis la premi\u00e8re semaine d\u2019avril et d\u00e8s que l\u2019Organisation mondiale de la sant\u00e9 (OMS) a \u00e9t\u00e9 inform\u00e9e de premiers cas chez plusieurs enfants au Royaume-Uni.<\/p>\n<p>Dans un communiqu\u00e9, le minist\u00e8re pr\u00e9cise qu\u2019il suit \u00e9galement la situation \u00e9pid\u00e9miologique mondiale li\u00e9e \u00e0 la maladie dans le cadre du syst\u00e8me de vigilance sanitaire au Centre national des op\u00e9rations d\u2019urgences de sant\u00e9 publique (CNOUSP), ainsi que toutes les recommandations \u00e9mises \u00e0 cet \u00e9gard par l\u2019OMS, le Centre europ\u00e9en de pr\u00e9vention et de contr\u00f4le des maladies et l\u2019Agence britannique de s\u00e9curit\u00e9 sanitaire. Jusqu\u2019\u00e0 pr\u00e9sent, ajoute le minist\u00e8re, le syst\u00e8me national de la surveillance \u00e9pid\u00e9miologique n\u2019a enregistr\u00e9 aucun changement au niveau du nombre habituel de cas d\u2019h\u00e9patite \u00e0 l\u2019\u00e9chelle nationale, ni aucun cas similaire aux cas susmentionn\u00e9s.<\/p>\n<p>Le 5 avril, l\u2019OMS a \u00e9t\u00e9 inform\u00e9e de cas d\u2019h\u00e9patite aigu\u00eb s\u00e9v\u00e8re d\u2019\u00e9tiologie inconnue chez des enfants de moins de 10 ans au Royaume-Uni. D\u2019autres cas ont \u00e9t\u00e9 ensuite recens\u00e9s en Europe et en Am\u00e9rique du Nord. Sur la base des informations et des donn\u00e9es actuellement disponibles, l\u2019OMS a appel\u00e9 tous les pays \u00e0 mener des enqu\u00eates \u00e9pid\u00e9miologiques approfondies et \u00e0 recenser les cas suspects.<\/p>\n<\/div>\n<p>Auteur: ALM<br \/>\n<a href=\"https:\/\/aujourdhui.ma\/actualite\/cas-dhepatite-aigue-detiologie-inconnue-le-ministere-de-la-sante-suit-de-pres-la-situation\">Cliquez ici pour lire l&rsquo;article depuis sa source.<\/a><\/p>\n","protected":false},"excerpt":{"rendered":"<p>Le minist\u00e8re de la Sant\u00e9 et de la Protection sociale a affirm\u00e9, vendredi, suivre de pr\u00e8s la situation \u00e9pid\u00e9miologique d\u2019h\u00e9patite aigu\u00eb d\u2019\u00e9tiologie inconnue, depuis la premi\u00e8re semaine d\u2019avril et d\u00e8s que l\u2019Organisation mondiale de la sant\u00e9 (OMS) a \u00e9t\u00e9 inform\u00e9e de premiers cas chez plusieurs enfants au Royaume-Uni. Dans un communiqu\u00e9, le minist\u00e8re pr\u00e9cise qu\u2019il [&hellip;]<\/p>\n","protected":false},"author":1759,"featured_media":0,"comment_status":"closed","ping_status":"closed","sticky":false,"template":"","format":"standard","meta":{"fifu_image_url":"https:\/\/aujourdhui.ma\/wp-content\/uploads\/2019\/11\/hepatite-c-300x153.jpg","fifu_image_alt":"Cas d\u2019h\u00e9patite aigu\u00eb d\u2019\u00e9tiologie inconnue : le minist\u00e8re de la Sant\u00e9 suit de pr\u00e8s la situation","footnotes":""},"categories":[73,54],"tags":[],"class_list":["post-146082","post","type-post","status-publish","format-standard","hentry","category-actualite","category-maroc"],"_links":{"self":[{"href":"https:\/\/linitiative.ca\/International\/wp-json\/wp\/v2\/posts\/146082","targetHints":{"allow":["GET"]}}],"collection":[{"href":"https:\/\/linitiative.ca\/International\/wp-json\/wp\/v2\/posts"}],"about":[{"href":"https:\/\/linitiative.ca\/International\/wp-json\/wp\/v2\/types\/post"}],"author":[{"embeddable":true,"href":"https:\/\/linitiative.ca\/International\/wp-json\/wp\/v2\/users\/1759"}],"replies":[{"embeddable":true,"href":"https:\/\/linitiative.ca\/International\/wp-json\/wp\/v2\/comments?post=146082"}],"version-history":[{"count":0,"href":"https:\/\/linitiative.ca\/International\/wp-json\/wp\/v2\/posts\/146082\/revisions"}],"wp:attachment":[{"href":"https:\/\/linitiative.ca\/International\/wp-json\/wp\/v2\/media?parent=146082"}],"wp:term":[{"taxonomy":"category","embeddable":true,"href":"https:\/\/linitiative.ca\/International\/wp-json\/wp\/v2\/categories?post=146082"},{"taxonomy":"post_tag","embeddable":true,"href":"https:\/\/linitiative.ca\/International\/wp-json\/wp\/v2\/tags?post=146082"}],"curies":[{"name":"wp","href":"https:\/\/api.w.org\/{rel}","templated":true}]}}