{"id":146094,"date":"2022-04-22T08:44:41","date_gmt":"2022-04-22T12:44:41","guid":{"rendered":"https:\/\/linitiative.ca\/International\/previsions-meteorologiques-pour-le-samedi-23-avril-2022\/"},"modified":"2022-04-22T08:44:41","modified_gmt":"2022-04-22T12:44:41","slug":"previsions-meteorologiques-pour-le-samedi-23-avril-2022","status":"publish","type":"post","link":"https:\/\/linitiative.ca\/International\/previsions-meteorologiques-pour-le-samedi-23-avril-2022\/","title":{"rendered":"Pr\u00e9visions m\u00e9t\u00e9orologiques pour le samedi 23 avril 2022"},"content":{"rendered":"<div>\n<div style=\"margin-bottom:20px;\"><img loading=\"lazy\" decoding=\"async\" width=\"750\" height=\"430\" src=\"https:\/\/linitiative.ca\/International\/wp-content\/uploads\/sites\/23\/2022\/04\/soleil_mC3A9tC3A9o-3-1.jpg\" class=\"attachment-post-thumbnail size-post-thumbnail wp-post-image\" alt=\"\" srcset=\"https:\/\/linitiative.ca\/International\/wp-content\/uploads\/sites\/23\/2022\/04\/soleil_mC3A9tC3A9o-3-1.jpg 750w, https:\/\/www.mapmarrakech.ma\/map\/uploads\/2021\/12\/soleil_m\u00e9t\u00e9o-3-300x172.jpg 300w\" sizes=\"auto, (max-width: 750px) 100vw, 750px\"><\/div>\n<p>\u2013 Pluies sur les plaines nord et centre, le Rif, le Saiss, Oulm\u00e8s, les plateaux de Phosphates et la M\u00e9diterran\u00e9e.<\/p>\n<p>\u2013 Formations brumeuses locales sur les c\u00f4tes centre et sud.<\/p>\n<p>\u2013 Rafales de vent assez fortes sur le Tang\u00e9rois, le nord de l\u2019Oriental, le Rif et le nord des provinces du Sud.<\/p>\n<p>\u2013 Chasse-poussi\u00e8res par endroits sur l\u2019Oriental et l\u2019int\u00e9rieur des provinces du Sud.<\/p>\n<p>\u2013 Temp\u00e9ratures minimales de l\u2019ordre de 01\/06\u00b0C sur les montagnes, 06\/12\u00b0C sur le Rif, l\u2019Oriental et les plateaux de Phosphates et de 12\/18\u00b0C partout ailleurs.<\/p>\n<p>\u2013 Temp\u00e9ratures du jour en baisse.<\/p>\n<p>\u2013 Mer agit\u00e9e \u00e0 forte en M\u00e9diterran\u00e9e, sur le D\u00e9troit et entre Cap Ghir et Tarfaya, forte \u00e0 tr\u00e8s forte entre Tanger et Cap Ghir et peu agit\u00e9e \u00e0 agit\u00e9e au sud de Tarfaya.<\/p>\n<p>The post <a rel=\"nofollow\" href=\"https:\/\/www.mapmarrakech.ma\/fr\/previsions-meteorologiques-pour-le-samedi-23-avril-2022\/\">Pr\u00e9visions m\u00e9t\u00e9orologiques pour le samedi 23 avril 2022<\/a> appeared first on <a rel=\"nofollow\" href=\"https:\/\/www.mapmarrakech.ma\/fr\">MapMarrakech<\/a>.<\/p>\n<\/div>\n<p>Auteur: Meriem IGASS<br \/>\n<a href=\"https:\/\/www.mapmarrakech.ma\/fr\/previsions-meteorologiques-pour-le-samedi-23-avril-2022\/\">Cliquez ici pour lire l&rsquo;article depuis sa source.<\/a><\/p>\n","protected":false},"excerpt":{"rendered":"<p>\u2013 Pluies sur les plaines nord et centre, le Rif, le Saiss, Oulm\u00e8s, les plateaux de Phosphates et la M\u00e9diterran\u00e9e. \u2013 Formations brumeuses locales sur les c\u00f4tes centre et sud. \u2013 Rafales de vent assez fortes sur le Tang\u00e9rois, le nord de l\u2019Oriental, le Rif et le nord des provinces du Sud. \u2013 Chasse-poussi\u00e8res par [&hellip;]<\/p>\n","protected":false},"author":1788,"featured_media":0,"comment_status":"closed","ping_status":"closed","sticky":false,"template":"","format":"standard","meta":{"fifu_image_url":"https:\/\/www.mapmarrakech.ma\/map\/uploads\/2021\/12\/soleil_m\u00e9t\u00e9o-3.jpg","fifu_image_alt":"Pr\u00e9visions m\u00e9t\u00e9orologiques pour le samedi 23 avril 2022","footnotes":""},"categories":[54,76],"tags":[],"class_list":["post-146094","post","type-post","status-publish","format-standard","hentry","category-maroc","category-regions"],"_links":{"self":[{"href":"https:\/\/linitiative.ca\/International\/wp-json\/wp\/v2\/posts\/146094","targetHints":{"allow":["GET"]}}],"collection":[{"href":"https:\/\/linitiative.ca\/International\/wp-json\/wp\/v2\/posts"}],"about":[{"href":"https:\/\/linitiative.ca\/International\/wp-json\/wp\/v2\/types\/post"}],"author":[{"embeddable":true,"href":"https:\/\/linitiative.ca\/International\/wp-json\/wp\/v2\/users\/1788"}],"replies":[{"embeddable":true,"href":"https:\/\/linitiative.ca\/International\/wp-json\/wp\/v2\/comments?post=146094"}],"version-history":[{"count":0,"href":"https:\/\/linitiative.ca\/International\/wp-json\/wp\/v2\/posts\/146094\/revisions"}],"wp:attachment":[{"href":"https:\/\/linitiative.ca\/International\/wp-json\/wp\/v2\/media?parent=146094"}],"wp:term":[{"taxonomy":"category","embeddable":true,"href":"https:\/\/linitiative.ca\/International\/wp-json\/wp\/v2\/categories?post=146094"},{"taxonomy":"post_tag","embeddable":true,"href":"https:\/\/linitiative.ca\/International\/wp-json\/wp\/v2\/tags?post=146094"}],"curies":[{"name":"wp","href":"https:\/\/api.w.org\/{rel}","templated":true}]}}