{"id":146096,"date":"2022-04-22T08:47:43","date_gmt":"2022-04-22T12:47:43","guid":{"rendered":"https:\/\/linitiative.ca\/International\/fortes-rafales-de-vent-vendredi-et-samedi-dans-plusieurs-provinces\/"},"modified":"2022-04-22T08:47:43","modified_gmt":"2022-04-22T12:47:43","slug":"fortes-rafales-de-vent-vendredi-et-samedi-dans-plusieurs-provinces","status":"publish","type":"post","link":"https:\/\/linitiative.ca\/International\/fortes-rafales-de-vent-vendredi-et-samedi-dans-plusieurs-provinces\/","title":{"rendered":"Fortes rafales de vent vendredi et samedi dans plusieurs provinces"},"content":{"rendered":"<div>\n<div style=\"margin-bottom:20px;\"><img loading=\"lazy\" decoding=\"async\" width=\"750\" height=\"430\" src=\"https:\/\/linitiative.ca\/International\/wp-content\/uploads\/sites\/23\/2022\/04\/Rafales-de-vent-1-1.jpg\" class=\"attachment-post-thumbnail size-post-thumbnail wp-post-image\" alt=\"\" srcset=\"https:\/\/linitiative.ca\/International\/wp-content\/uploads\/sites\/23\/2022\/04\/Rafales-de-vent-1-1.jpg 750w, https:\/\/www.mapmarrakech.ma\/map\/uploads\/2022\/04\/Rafales-de-vent-1-1-300x172.jpg 300w\" sizes=\"auto, (max-width: 750px) 100vw, 750px\"><\/div>\n<p>Ce ph\u00e9nom\u00e8ne est attendu du vendredi \u00e0 12H au samedi \u00e0 09H dans les provinces de Chefchaouen, M\u2019diq-Fnideq, Larache, Tanger-Assilah, Fahs-Anjra, T\u00e9touan, Ouezzane, Al Hoceima, Taza et Taounate, a pr\u00e9cis\u00e9 la DGM dans un bulletin d\u2019alerte m\u00e9t\u00e9orologique de niveau orange.<\/p>\n<p>Ces rafales auront lieu aussi ce vendredi de 12H \u00e0 21H \u00e0 Sal\u00e9, K\u00e9nitra, Sidi Kacem, Sidi Slimane, Skhirate-T\u00e9mara, Rabat, Sidi Bennour, Mohammedia, Nouaceur, El Jadida, Berrechid, Mediouna, Benslimane, Casablanca, Safi et Figuig, selon la m\u00eame source.<\/p>\n<p>The post <a rel=\"nofollow\" href=\"https:\/\/www.mapmarrakech.ma\/fr\/fortes-rafales-de-vent-vendredi-et-samedi-dans-plusieurs-provinces\/\">Fortes rafales de vent vendredi et samedi dans plusieurs provinces<\/a> appeared first on <a rel=\"nofollow\" href=\"https:\/\/www.mapmarrakech.ma\/fr\">MapMarrakech<\/a>.<\/p>\n<\/div>\n<p>Auteur: Meriem IGASS<br \/>\n<a href=\"https:\/\/www.mapmarrakech.ma\/fr\/fortes-rafales-de-vent-vendredi-et-samedi-dans-plusieurs-provinces\/\">Cliquez ici pour lire l&rsquo;article depuis sa source.<\/a><\/p>\n","protected":false},"excerpt":{"rendered":"<p>Ce ph\u00e9nom\u00e8ne est attendu du vendredi \u00e0 12H au samedi \u00e0 09H dans les provinces de Chefchaouen, M\u2019diq-Fnideq, Larache, Tanger-Assilah, Fahs-Anjra, T\u00e9touan, Ouezzane, Al Hoceima, Taza et Taounate, a pr\u00e9cis\u00e9 la DGM dans un bulletin d\u2019alerte m\u00e9t\u00e9orologique de niveau orange. Ces rafales auront lieu aussi ce vendredi de 12H \u00e0 21H \u00e0 Sal\u00e9, K\u00e9nitra, Sidi [&hellip;]<\/p>\n","protected":false},"author":1788,"featured_media":0,"comment_status":"closed","ping_status":"closed","sticky":false,"template":"","format":"standard","meta":{"fifu_image_url":"https:\/\/www.mapmarrakech.ma\/map\/uploads\/2022\/04\/Rafales-de-vent-1-1.jpg","fifu_image_alt":"Fortes rafales de vent vendredi et samedi dans plusieurs provinces","footnotes":""},"categories":[54,76],"tags":[],"class_list":["post-146096","post","type-post","status-publish","format-standard","hentry","category-maroc","category-regions"],"_links":{"self":[{"href":"https:\/\/linitiative.ca\/International\/wp-json\/wp\/v2\/posts\/146096","targetHints":{"allow":["GET"]}}],"collection":[{"href":"https:\/\/linitiative.ca\/International\/wp-json\/wp\/v2\/posts"}],"about":[{"href":"https:\/\/linitiative.ca\/International\/wp-json\/wp\/v2\/types\/post"}],"author":[{"embeddable":true,"href":"https:\/\/linitiative.ca\/International\/wp-json\/wp\/v2\/users\/1788"}],"replies":[{"embeddable":true,"href":"https:\/\/linitiative.ca\/International\/wp-json\/wp\/v2\/comments?post=146096"}],"version-history":[{"count":0,"href":"https:\/\/linitiative.ca\/International\/wp-json\/wp\/v2\/posts\/146096\/revisions"}],"wp:attachment":[{"href":"https:\/\/linitiative.ca\/International\/wp-json\/wp\/v2\/media?parent=146096"}],"wp:term":[{"taxonomy":"category","embeddable":true,"href":"https:\/\/linitiative.ca\/International\/wp-json\/wp\/v2\/categories?post=146096"},{"taxonomy":"post_tag","embeddable":true,"href":"https:\/\/linitiative.ca\/International\/wp-json\/wp\/v2\/tags?post=146096"}],"curies":[{"name":"wp","href":"https:\/\/api.w.org\/{rel}","templated":true}]}}