{"id":146100,"date":"2022-04-22T12:38:27","date_gmt":"2022-04-22T16:38:27","guid":{"rendered":"https:\/\/linitiative.ca\/International\/rencontre-autour-du-programme-de-developpement-regional-2022-2027\/"},"modified":"2022-04-22T12:38:27","modified_gmt":"2022-04-22T16:38:27","slug":"rencontre-autour-du-programme-de-developpement-regional-2022-2027","status":"publish","type":"post","link":"https:\/\/linitiative.ca\/International\/rencontre-autour-du-programme-de-developpement-regional-2022-2027\/","title":{"rendered":"Rencontre autour du Programme de D\u00e9veloppement R\u00e9gional 2022-2027"},"content":{"rendered":"<div>\n<div style=\"margin-bottom:20px;\"><img loading=\"lazy\" decoding=\"async\" width=\"750\" height=\"430\" src=\"https:\/\/linitiative.ca\/International\/wp-content\/uploads\/sites\/23\/2022\/04\/wilaya-copier.jpg\" class=\"attachment-post-thumbnail size-post-thumbnail wp-post-image\" alt=\"\" srcset=\"https:\/\/linitiative.ca\/International\/wp-content\/uploads\/sites\/23\/2022\/04\/wilaya-copier.jpg 750w, https:\/\/www.mapmarrakech.ma\/map\/uploads\/2022\/04\/wilaya-copier-300x172.jpg 300w\" sizes=\"auto, (max-width: 750px) 100vw, 750px\"><\/div>\n<p>Pr\u00e9sid\u00e9e par le wali de la r\u00e9gion Marrakech-Safi, M. Karim Kassi-Lahlou, et le pr\u00e9sident du Conseil r\u00e9gional, M. Samir Goudar, cette rencontre s\u2019inscrit dans le cadre des efforts men\u00e9s au niveau r\u00e9gional en vue d\u2019adopter une approche participative pour l\u2019\u00e9laboration du PDR associant tous les acteurs concern\u00e9s, tout en veillant \u00e0 la mise en \u0153uvre des m\u00e9canismes participatifs de concertation.<\/p>\n<p>Intervenant \u00e0 cette occasion, M. Kassi-Lahou a rappel\u00e9 le contexte dans lequel se tient cette rencontre ainsi que l\u2019importance du PDR en tant que document de r\u00e9f\u00e9rence pour la programmation de projets et activit\u00e9s \u00e0 caract\u00e8re prioritaire pour les six prochaines ann\u00e9es, en vue de r\u00e9aliser le d\u00e9veloppement int\u00e9gr\u00e9 et durable, \u00e0 travers l\u2019am\u00e9lioration de l\u2019attractivit\u00e9 des territoires de la r\u00e9gion et le renforcement de la comp\u00e9titivit\u00e9 \u00e9conomique. L\u2019objectif ultime \u00e9tant d\u2019am\u00e9liorer les conditions de vie de la population de la r\u00e9gion.<\/p>\n<p>Dans ce contexte, il a soulign\u00e9 que le pr\u00e9c\u00e9dent PDR a constitu\u00e9 une phase essentielle pour donner le coup d\u2019envoi effective de la mise en \u0153uvre du chantier de la r\u00e9gionalisation avanc\u00e9e, \u00e9tant donn\u00e9 que cette exp\u00e9rience a abouti \u00e0 plusieurs r\u00e9alisations palpables, en plus de la cumulation de plusieurs conclusions ayant concern\u00e9 les diff\u00e9rents domaines de mise en \u0153uvre de ce chantier Royal ambitieux.<\/p>\n<p>L\u2019actuel mandant du Conseil intervient dans un contexte sp\u00e9cial marqu\u00e9 par la cons\u00e9cration de la place de choix des r\u00e9gions, dans le sillage de la r\u00e9gionalisation avanc\u00e9e et la mise en \u0153uvre de plusieurs r\u00e9formes via le renforcement de l\u2019ing\u00e9nierie institutionnelle au niveau r\u00e9gional, des dispositions de la Charte Nationale de D\u00e9concentration Administrative, qui a accord\u00e9 \u00e0 la r\u00e9gion une place majeure.<\/p>\n<p>Il intervient aussi dans le contexte de l\u2019activation de la Commission r\u00e9gionale de coordination en vue de r\u00e9aliser la convergence entre les politiques et les programmes publics et les Sch\u00e9mas r\u00e9gionaux d\u2019am\u00e9nagement des territoires (SRAT) et les PDR, outre la d\u00e9finition des missions des secr\u00e9tariats g\u00e9n\u00e9raux des affaires r\u00e9gionaux tout en adoptant l\u2019approche participative avec tous les acteurs au sein de la r\u00e9gion en vue de promouvoir la qualit\u00e9 des m\u00e9canismes et les proc\u00e9dures en vigueur, qui constituent \u00ab\u00a0des nouveaut\u00e9s\u00a0\u00bb qui exigent de consentir des efforts pour la r\u00e9alisation d\u2019une nouvelle g\u00e9n\u00e9ration de programmes de d\u00e9veloppement r\u00e9gionaux \u00e0 la hauteur des attentes, a-t-il expliqu\u00e9.<\/p>\n<p>De son c\u00f4t\u00e9, M. Goudar a mis l\u2019accent sur l\u2019engagement de la r\u00e9gion \u00e0 adopter une m\u00e9thodologie participative pour l\u2019\u00e9laboration du PDR associant tous les acteurs r\u00e9gionaux, tout en veillant \u00e0 l\u2019activation des m\u00e9canismes participatifs de dialogue et de concertation, \u00e0 travers l\u2019accompagnement des instances consultatives du chantier d\u2019\u00e9laboration de cette feuille de route, ce qui est de nature \u00e0 d\u00e9finir de fa\u00e7on pr\u00e9cise les besoins r\u00e9els et pressants de la population de la r\u00e9gion et la concr\u00e9tisation de projets tenant en compte les mutations socio\u00e9conomiques impos\u00e9es par la pand\u00e9mie de la Covid-19.<\/p>\n<p>Par la suite, une s\u00e9ance de d\u00e9bats a \u00e9t\u00e9 ouverte avec la participation des gouverneurs de l\u2019ensemble des provinces relevant de la r\u00e9gion, des membres du Conseil r\u00e9gional et des chefs des services ext\u00e9rieurs, occasion pour les multiples intervenants de saluer la dynamique et la m\u00e9thodologie de travail, ayant permis d\u2019acc\u00e9l\u00e9rer l\u2019\u00e9laboration du SRAT, ainsi que les autres chantiers selon une strat\u00e9gie de d\u00e9veloppement des p\u00f4les sectoriels et territoriaux.<\/p>\n<p>Par la m\u00eame occasion, l\u2019accent a \u00e9t\u00e9 mis sur les propositions formul\u00e9es par les diff\u00e9rents acteurs et partenaires concern\u00e9s au sujet de l\u2019\u00e9laboration du PDR.\u00a0 Un d\u00e9bat qui se poursuivra selon une approche participative territoriale et sectorielle apr\u00e8s le lancement officiel du processus d\u2019\u00e9laboration du PDR.<\/p>\n<p>A noter que cette r\u00e9union de travail a \u00e9t\u00e9 marqu\u00e9e par la pr\u00e9sence \u00e9galement des gouverneurs des provinces de la r\u00e9gion, du secr\u00e9taire g\u00e9n\u00e9ral de la pr\u00e9fecture de Marrakech, du secr\u00e9taire g\u00e9n\u00e9ral des affaires r\u00e9gionales de la wilaya, des vice-pr\u00e9sidents du Conseil r\u00e9gional, des pr\u00e9sidents et vice-pr\u00e9sidents des commissions permanentes, des pr\u00e9sidents des instances consultatives du Conseil de la R\u00e9gion, outre des repr\u00e9sentants des universit\u00e9s, des chefs des services d\u00e9centralis\u00e9s, des responsables des \u00e9tablissements publics dans la r\u00e9gion et d\u2019autres partenaires.<\/p>\n<p>The post <a rel=\"nofollow\" href=\"https:\/\/www.mapmarrakech.ma\/fr\/rencontre-autour-du-programme-de-developpement-regional-2022-2027\/\">Rencontre autour du Programme de D\u00e9veloppement R\u00e9gional 2022-2027<\/a> appeared first on <a rel=\"nofollow\" href=\"https:\/\/www.mapmarrakech.ma\/fr\">MapMarrakech<\/a>.<\/p>\n<\/div>\n<p>Auteur: Meriem IGASS<br \/>\n<a href=\"https:\/\/www.mapmarrakech.ma\/fr\/rencontre-autour-du-programme-de-developpement-regional-2022-2027\/\">Cliquez ici pour lire l&rsquo;article depuis sa source.<\/a><\/p>\n","protected":false},"excerpt":{"rendered":"<p>Pr\u00e9sid\u00e9e par le wali de la r\u00e9gion Marrakech-Safi, M. Karim Kassi-Lahlou, et le pr\u00e9sident du Conseil r\u00e9gional, M. Samir Goudar, cette rencontre s\u2019inscrit dans le cadre des efforts men\u00e9s au niveau r\u00e9gional en vue d\u2019adopter une approche participative pour l\u2019\u00e9laboration du PDR associant tous les acteurs concern\u00e9s, tout en veillant \u00e0 la mise en \u0153uvre [&hellip;]<\/p>\n","protected":false},"author":1788,"featured_media":0,"comment_status":"closed","ping_status":"closed","sticky":false,"template":"","format":"standard","meta":{"fifu_image_url":"https:\/\/www.mapmarrakech.ma\/map\/uploads\/2022\/04\/wilaya-copier.jpg","fifu_image_alt":"Rencontre autour du Programme de D\u00e9veloppement R\u00e9gional 2022-2027","footnotes":""},"categories":[54,76],"tags":[],"class_list":["post-146100","post","type-post","status-publish","format-standard","hentry","category-maroc","category-regions"],"_links":{"self":[{"href":"https:\/\/linitiative.ca\/International\/wp-json\/wp\/v2\/posts\/146100","targetHints":{"allow":["GET"]}}],"collection":[{"href":"https:\/\/linitiative.ca\/International\/wp-json\/wp\/v2\/posts"}],"about":[{"href":"https:\/\/linitiative.ca\/International\/wp-json\/wp\/v2\/types\/post"}],"author":[{"embeddable":true,"href":"https:\/\/linitiative.ca\/International\/wp-json\/wp\/v2\/users\/1788"}],"replies":[{"embeddable":true,"href":"https:\/\/linitiative.ca\/International\/wp-json\/wp\/v2\/comments?post=146100"}],"version-history":[{"count":0,"href":"https:\/\/linitiative.ca\/International\/wp-json\/wp\/v2\/posts\/146100\/revisions"}],"wp:attachment":[{"href":"https:\/\/linitiative.ca\/International\/wp-json\/wp\/v2\/media?parent=146100"}],"wp:term":[{"taxonomy":"category","embeddable":true,"href":"https:\/\/linitiative.ca\/International\/wp-json\/wp\/v2\/categories?post=146100"},{"taxonomy":"post_tag","embeddable":true,"href":"https:\/\/linitiative.ca\/International\/wp-json\/wp\/v2\/tags?post=146100"}],"curies":[{"name":"wp","href":"https:\/\/api.w.org\/{rel}","templated":true}]}}