{"id":146102,"date":"2022-04-22T13:01:22","date_gmt":"2022-04-22T17:01:22","guid":{"rendered":"https:\/\/linitiative.ca\/International\/zaouia-de-sidi-bel-abbes-une-consecration-des-valeurs-de-solidarite\/"},"modified":"2022-04-22T13:01:22","modified_gmt":"2022-04-22T17:01:22","slug":"zaouia-de-sidi-bel-abbes-une-consecration-des-valeurs-de-solidarite","status":"publish","type":"post","link":"https:\/\/linitiative.ca\/International\/zaouia-de-sidi-bel-abbes-une-consecration-des-valeurs-de-solidarite\/","title":{"rendered":"Zaouia de Sidi Bel Abb\u00e8s, une cons\u00e9cration des valeurs de solidarit\u00e9"},"content":{"rendered":"<div>\n<div style=\"margin-bottom:20px;\"><img loading=\"lazy\" decoding=\"async\" width=\"750\" height=\"430\" src=\"https:\/\/linitiative.ca\/International\/wp-content\/uploads\/sites\/23\/2022\/04\/Zaouia-de-Sidi-Bel-AbbC3A8s-copier.jpg\" class=\"attachment-post-thumbnail size-post-thumbnail wp-post-image\" alt=\"\" srcset=\"https:\/\/linitiative.ca\/International\/wp-content\/uploads\/sites\/23\/2022\/04\/Zaouia-de-Sidi-Bel-AbbC3A8s-copier.jpg 750w, https:\/\/www.mapmarrakech.ma\/map\/uploads\/2022\/04\/Zaouia-de-Sidi-Bel-Abb\u00e8s-copier-300x172.jpg 300w\" sizes=\"auto, (max-width: 750px) 100vw, 750px\"><\/div>\n<p>Bas\u00e9e au sein d\u2019un \u00e9difice religieux \u00e9difi\u00e9 en plein c\u0153ur de l\u2019ancienne m\u00e9dina de Marrakech pour perp\u00e9tuer la m\u00e9moire du Saint Sidi Bel Abb\u00e8s (1129-1204), cette confr\u00e9rie religieuse est pass\u00e9e c\u00e9l\u00e8bre aux niveaux national et international pour \u00eatre pionni\u00e8re dans le cadre de la mise en place d\u2019un syst\u00e8me tr\u00e8s bien organis\u00e9 et structur\u00e9 de redistribution des dons et aides au profit des personnes qui sont dans le besoin.<\/p>\n<p>Ce syst\u00e8me visant la cons\u00e9cration des valeurs de la solidarit\u00e9 et de l\u2019entraide sociales, a \u00e9t\u00e9 mis en place par le Saint Sidi Bel Abb\u00e8s, qui s\u2019illustra de son vivant par ses pr\u00eaches mettant l\u2019accent sur l\u2019importance de la g\u00e9n\u00e9rosit\u00e9 et du don en faveur des personnes d\u00e9munies.<\/p>\n<p>Ce Saint v\u00e9n\u00e9r\u00e9 laissa derri\u00e8re lui toute une \u00e9thique de g\u00e9n\u00e9rosit\u00e9 \u00e0 laquelle, son nom demeure associ\u00e9. Dans ce cadre, il est \u00e0 noter que\u00a0 plusieurs corps de m\u00e9tiers au Maroc d\u00e9dient encore \u00e0 cette Zaouia le premier fruit de leur labeur portant le nom de \u00ab\u00a0Abbassia\u00a0\u00bb.<\/p>\n<p>Aujourd\u2019hui encore, la Zaouia de Sidi Bel Abb\u00e8s continue de jouer ce r\u00f4le social et solidaire de premier plan et d\u2019illustrer, comme il se doit, ces valeurs nobles de g\u00e9n\u00e9rosit\u00e9 et d\u2019entraide qui caract\u00e9risent la soci\u00e9t\u00e9 marocaine et ce, en demeurant un espace vers lequel s\u2019oriente toute personne en qu\u00eate de ressourcement et de b\u00e9n\u00e9diction via des actes d\u2019altruisme.<\/p>\n<p>Dans une d\u00e9claration \u00e0 M24, la chaine t\u00e9l\u00e9vis\u00e9e de l\u2019information en continu de la MAP, M. Abdelilah Tabit, chercheur sp\u00e9cialis\u00e9 dans le patrimoine religieux, a indiqu\u00e9 que le Saint vertueux Sidi Bel Abb\u00e8s, plus connu sous le nom d\u2019Abou Al-Abbas Es-Sabti, \u00e9tait connu de son vivant par son isolement qui a dur\u00e9 40 ans, par son \u00e9loquence, sa capacit\u00e9 \u00e0 persuader, sa bienveillance, sa capacit\u00e9 \u00e0 pr\u00e9venir les griefs, \u00e0 abriter les \u00e9trangers, \u00e0 nourrir les pauvres pendant la famine et la crise, \u00e0 s\u00e9curiser les routes commerciales et \u00e0 aider les indigents.<\/p>\n<p>Aujourd\u2019hui encore, le nom de cette figure de proue du soufisme demeure associ\u00e9 \u00e0 la grande g\u00e9n\u00e9rosit\u00e9, qui a fait de lui une ic\u00f4ne dans le monde arabo-musulman, a-t-il expliqu\u00e9.<\/p>\n<p>Et de faire savoir que le syst\u00e8me de redistribution des dons de cette Zaouia b\u00e9n\u00e9ficie aujourd\u2019hui \u00e0 pas moins de 2.000 personnes d\u00e9munies et ou en situation de handicap, relevant qu\u2019en vue d\u2019organiser la redistribution des dons, la Zaouia a dot\u00e9 les b\u00e9n\u00e9ficiaires d\u2019une carte renouvelable tous les deux ans, leur permettant de percevoir une allocation mensuelle. Une aide devenue bimestrielle en p\u00e9riode de la Covid-19.<\/p>\n<p>Dans ce contexte, M. Tabit, a soulign\u00e9 que la Zaouia, dont l\u2019action caritative repose exclusivement sur la g\u00e9n\u00e9rosit\u00e9 des donateurs occasionnels ou r\u00e9guliers, reverse l\u2019int\u00e9gralit\u00e9 des sommes per\u00e7ues au cours du mois \u00e9coul\u00e9, notant que la distribution de ces dons est supervis\u00e9e par un Moqadem, charg\u00e9 de la gestion de la Zaouia, qui doit \u00eatre n\u00e9cessairement un homme vivant dans une situation ais\u00e9e et connu par son s\u00e9rieux et droiture, assist\u00e9 par une commission comprenant quatre membres, \u00e0 m\u00eame de garantir la totale \u00e9quit\u00e9 dans le processus de remise d\u2019aides aux b\u00e9n\u00e9ficiaires.<\/p>\n<p>Dans l\u2019esplanade de la Zaouia, un groupe de \u00ab\u00a0Tolba\u00a0\u00bb (m\u00e9morisateurs et psalmodeurs du Saint Coran), tous souffrant de d\u00e9ficience de la vue, associ\u00e9s \u00e0 ladite confr\u00e9rie, psalmodient le Saint Coran tout au long de l\u2019ann\u00e9e comme \u00e0 l\u2019occasion des f\u00eates religieuses, et jouissent au sein de cet \u00e9difice religieux, d\u2019un statut sp\u00e9cifique, a ajout\u00e9 ce chercheur.<\/p>\n<p>Le Rayonnement de la Zaouia en mati\u00e8re de promotion des valeurs de solidarit\u00e9 et de g\u00e9n\u00e9rosit\u00e9 ne se limite pas uniquement aux aides et dons en nature distribu\u00e9s, de mani\u00e8re r\u00e9guli\u00e8re, au profit des b\u00e9n\u00e9ficiaires mais se concr\u00e9tise aussi via la mobilisation, \u00e0 titre gracieux, de m\u00e9decins, de pharmaciens et de cliniques priv\u00e9es dans le cadre de la prise en charge des personnes n\u00e9cessiteuses en termes de soins, de consultations et d\u2019interventions chirurgicales diverses, outre la distribution \u00e0 leur profit de m\u00e9dicaments, a-t-il expliqu\u00e9.<\/p>\n<p>M.Tabit n\u2019a pas manqu\u00e9 de saluer et de rendre un vibrant hommage aux grandes actions et \u0153uvres men\u00e9es par les Sultans et Rois Alaouites, qui ont accord\u00e9 une attention toute particuli\u00e8re \u00e0 l\u2019endroit de la Zaouia de Sidi Bel Abb\u00e8s et ce, \u00e0 travers la restauration, l\u2019entretien, la d\u00e9coration et la r\u00e9fection du mausol\u00e9e, outre des dons Royaux que ladite Zaouia re\u00e7oit de fa\u00e7on r\u00e9guli\u00e8re sous le r\u00e8gne de la Dynastie Alaouite.<\/p>\n<p>Par ailleurs, l\u2019un des espaces les plus embl\u00e9matiques de la Zaou\u00efa demeure une Mosqu\u00e9e historique, adoss\u00e9e au mausol\u00e9e primitif, qui fut construite au 16\u00e8 si\u00e8cle. Il s\u2019agit de l\u2019un des v\u00e9ritables joyaux architecturaux et religieux qui fait la fiert\u00e9 et la singularit\u00e9 de la Cit\u00e9 ocre et qui re\u00e7oit, annuellement, des milliers de visiteurs.<\/p>\n<p>Cet \u00e9difice religieux est dot\u00e9 d\u2019un passage vo\u00fbt\u00e9 d\u00e9bouchant sur une vaste cour pav\u00e9e (Esplanade), domin\u00e9e par un minaret de briques s\u00e8ches, tandis que l\u2019entr\u00e9e monumentale de la mosqu\u00e9e d\u00e9veloppe marbres, stucs et plafond peint et ce, dans la pure beaut\u00e9 et magie de l\u2019architecture arabo-musulmane.<\/p>\n<p>The post <a rel=\"nofollow\" href=\"https:\/\/www.mapmarrakech.ma\/fr\/zaouia-de-sidi-bel-abbes-un-espace-de-consecration-des-valeurs-de-solidarite\/\">Zaouia de Sidi Bel Abb\u00e8s, une cons\u00e9cration des valeurs de solidarit\u00e9<\/a> appeared first on <a rel=\"nofollow\" href=\"https:\/\/www.mapmarrakech.ma\/fr\">MapMarrakech<\/a>.<\/p>\n<\/div>\n<p>Auteur: Meriem IGASS<br \/>\n<a href=\"https:\/\/www.mapmarrakech.ma\/fr\/zaouia-de-sidi-bel-abbes-un-espace-de-consecration-des-valeurs-de-solidarite\/\">Cliquez ici pour lire l&rsquo;article depuis sa source.<\/a><\/p>\n","protected":false},"excerpt":{"rendered":"<p>Bas\u00e9e au sein d\u2019un \u00e9difice religieux \u00e9difi\u00e9 en plein c\u0153ur de l\u2019ancienne m\u00e9dina de Marrakech pour perp\u00e9tuer la m\u00e9moire du Saint Sidi Bel Abb\u00e8s (1129-1204), cette confr\u00e9rie religieuse est pass\u00e9e c\u00e9l\u00e8bre aux niveaux national et international pour \u00eatre pionni\u00e8re dans le cadre de la mise en place d\u2019un syst\u00e8me tr\u00e8s bien organis\u00e9 et structur\u00e9 de [&hellip;]<\/p>\n","protected":false},"author":1788,"featured_media":0,"comment_status":"closed","ping_status":"closed","sticky":false,"template":"","format":"standard","meta":{"fifu_image_url":"https:\/\/www.mapmarrakech.ma\/map\/uploads\/2022\/04\/Zaouia-de-Sidi-Bel-Abb\u00e8s-copier.jpg","fifu_image_alt":"Zaouia de Sidi Bel Abb\u00e8s, une cons\u00e9cration des valeurs de solidarit\u00e9","footnotes":""},"categories":[54,76],"tags":[],"class_list":["post-146102","post","type-post","status-publish","format-standard","hentry","category-maroc","category-regions"],"_links":{"self":[{"href":"https:\/\/linitiative.ca\/International\/wp-json\/wp\/v2\/posts\/146102","targetHints":{"allow":["GET"]}}],"collection":[{"href":"https:\/\/linitiative.ca\/International\/wp-json\/wp\/v2\/posts"}],"about":[{"href":"https:\/\/linitiative.ca\/International\/wp-json\/wp\/v2\/types\/post"}],"author":[{"embeddable":true,"href":"https:\/\/linitiative.ca\/International\/wp-json\/wp\/v2\/users\/1788"}],"replies":[{"embeddable":true,"href":"https:\/\/linitiative.ca\/International\/wp-json\/wp\/v2\/comments?post=146102"}],"version-history":[{"count":0,"href":"https:\/\/linitiative.ca\/International\/wp-json\/wp\/v2\/posts\/146102\/revisions"}],"wp:attachment":[{"href":"https:\/\/linitiative.ca\/International\/wp-json\/wp\/v2\/media?parent=146102"}],"wp:term":[{"taxonomy":"category","embeddable":true,"href":"https:\/\/linitiative.ca\/International\/wp-json\/wp\/v2\/categories?post=146102"},{"taxonomy":"post_tag","embeddable":true,"href":"https:\/\/linitiative.ca\/International\/wp-json\/wp\/v2\/tags?post=146102"}],"curies":[{"name":"wp","href":"https:\/\/api.w.org\/{rel}","templated":true}]}}