{"id":146107,"date":"2022-04-22T10:57:48","date_gmt":"2022-04-22T14:57:48","guid":{"rendered":"https:\/\/linitiative.ca\/International\/cas-dhepatite-aigue-le-ministere-de-la-sante-suit-de-pres-la-situation\/"},"modified":"2022-04-22T10:57:48","modified_gmt":"2022-04-22T14:57:48","slug":"cas-dhepatite-aigue-le-ministere-de-la-sante-suit-de-pres-la-situation","status":"publish","type":"post","link":"https:\/\/linitiative.ca\/International\/cas-dhepatite-aigue-le-ministere-de-la-sante-suit-de-pres-la-situation\/","title":{"rendered":"Cas d&rsquo;h\u00e9patite aigu\u00eb: le minist\u00e8re de la Sant\u00e9 suit de pr\u00e8s la situation"},"content":{"rendered":"<div>\n<div class=\"field field-name-body field-type-text-with-summary field-label-hidden\">\n<div class=\"field-items\">\n<div class=\"field-item even\" property=\"content:encoded\">\n<p>Le minist\u00e8re de la Sant\u00e9 et de la Protection sociale a affirm\u00e9, vendredi, suivre de pr\u00e8s la situation \u00e9pid\u00e9miologique d&rsquo;h\u00e9patite aigu\u00eb d\u2019\u00e9tiologie inconnue, depuis la premi\u00e8re semaine d&rsquo;avril et d\u00e8s que l&rsquo;Organisation mondiale de la sant\u00e9 (OMS) a \u00e9t\u00e9 inform\u00e9e de premiers cas chez plusieurs enfants au Royaume-Uni.<\/p>\n<\/div>\n<\/div>\n<\/div>\n<\/div>\n<p>Auteur: mbasraoui<br \/>\n<a href=\"https:\/\/www.leconomiste.com\/flash-infos\/cas-d-hepatite-aigue-le-ministere-de-la-sante-suit-de-pres-la-situation\">Cliquez ici pour lire l&rsquo;article depuis sa source.<\/a><\/p>\n","protected":false},"excerpt":{"rendered":"<p>Le minist\u00e8re de la Sant\u00e9 et de la Protection sociale a affirm\u00e9, vendredi, suivre de pr\u00e8s la situation \u00e9pid\u00e9miologique d&rsquo;h\u00e9patite aigu\u00eb d\u2019\u00e9tiologie inconnue, depuis la premi\u00e8re semaine d&rsquo;avril et d\u00e8s que l&rsquo;Organisation mondiale de la sant\u00e9 (OMS) a \u00e9t\u00e9 inform\u00e9e de premiers cas chez plusieurs enfants au Royaume-Uni. Auteur: mbasraoui Cliquez ici pour lire l&rsquo;article [&hellip;]<\/p>\n","protected":false},"author":1763,"featured_media":0,"comment_status":"closed","ping_status":"closed","sticky":false,"template":"","format":"standard","meta":{"fifu_image_url":"","fifu_image_alt":"","footnotes":""},"categories":[78,54],"tags":[],"class_list":["post-146107","post","type-post","status-publish","format-standard","hentry","category-economie","category-maroc"],"_links":{"self":[{"href":"https:\/\/linitiative.ca\/International\/wp-json\/wp\/v2\/posts\/146107","targetHints":{"allow":["GET"]}}],"collection":[{"href":"https:\/\/linitiative.ca\/International\/wp-json\/wp\/v2\/posts"}],"about":[{"href":"https:\/\/linitiative.ca\/International\/wp-json\/wp\/v2\/types\/post"}],"author":[{"embeddable":true,"href":"https:\/\/linitiative.ca\/International\/wp-json\/wp\/v2\/users\/1763"}],"replies":[{"embeddable":true,"href":"https:\/\/linitiative.ca\/International\/wp-json\/wp\/v2\/comments?post=146107"}],"version-history":[{"count":0,"href":"https:\/\/linitiative.ca\/International\/wp-json\/wp\/v2\/posts\/146107\/revisions"}],"wp:attachment":[{"href":"https:\/\/linitiative.ca\/International\/wp-json\/wp\/v2\/media?parent=146107"}],"wp:term":[{"taxonomy":"category","embeddable":true,"href":"https:\/\/linitiative.ca\/International\/wp-json\/wp\/v2\/categories?post=146107"},{"taxonomy":"post_tag","embeddable":true,"href":"https:\/\/linitiative.ca\/International\/wp-json\/wp\/v2\/tags?post=146107"}],"curies":[{"name":"wp","href":"https:\/\/api.w.org\/{rel}","templated":true}]}}