{"id":146110,"date":"2022-04-22T04:54:00","date_gmt":"2022-04-22T08:54:00","guid":{"rendered":"https:\/\/linitiative.ca\/International\/ridha-bergaoui-prenons-soin-de-notre-tunisie\/"},"modified":"2022-04-22T04:54:00","modified_gmt":"2022-04-22T08:54:00","slug":"ridha-bergaoui-prenons-soin-de-notre-tunisie","status":"publish","type":"post","link":"https:\/\/linitiative.ca\/International\/ridha-bergaoui-prenons-soin-de-notre-tunisie\/","title":{"rendered":"Ridha Bergaoui: Prenons soin de notre Tunisie"},"content":{"rendered":"<div><img decoding=\"async\" src=\"https:\/\/linitiative.ca\/International\/wp-content\/uploads\/sites\/23\/2022\/04\/1650627354_article.jpg\" alt=\"Ridha Bergaoui: Prenons soin de notre Tunisie\" align=\"left\">Chaque ann\u00e9e, le monde c\u00e9l\u00e8bre le 22 avril, la journ\u00e9e de la terre. Cette journ\u00e9e, d\u00e9di\u00e9e \u00e0 l\u2019environnement, repr\u00e9sente une occasion pour sensibiliser les citoyens du monde \u00e0 l\u2019importance de l\u2019environnement et la n\u00e9cessit\u00e9 d\u2019en prendre soin et de pr\u00e9server la plan\u00e8te.<br \/>\nEn Tunisie, l\u2019environnement est de nos jours malmen\u00e9 et maltrait\u00e9. La protection de l\u2019environnement n\u2019est malheureusement plus un souci ni pour le citoyen ni les pouvoirs publics.\u00a0<br \/>\nLa Tunisie, un beau pays<br \/>\nC\u2019est le t\u00e9moignage de tous ceux qui ont visit\u00e9 notre pays. C\u2019est \u00e9galement celui des Tunisiens qui vivent \u00e0 l\u2019\u00e9tranger et qui \u00e9prouvent souvent de la nostalgie pour la m\u00e8re &#8230;<\/p>\n<\/div>\n<p>Auteur:<br \/>\n<a href=\"https:\/\/www.leaders.com.tn\/article\/33272-ridha-bergaoui-prenons-soin-de-notre-tunisie\">Cliquez ici pour lire l&rsquo;article depuis sa source.<\/a><\/p>\n","protected":false},"excerpt":{"rendered":"<p>Chaque ann\u00e9e, le monde c\u00e9l\u00e8bre le 22 avril, la journ\u00e9e de la terre. Cette journ\u00e9e, d\u00e9di\u00e9e \u00e0 l\u2019environnement, repr\u00e9sente une occasion pour sensibiliser les citoyens du monde \u00e0 l\u2019importance de l\u2019environnement et la n\u00e9cessit\u00e9 d\u2019en prendre soin et de pr\u00e9server la plan\u00e8te. En Tunisie, l\u2019environnement est de nos jours malmen\u00e9 et maltrait\u00e9. La protection de [&hellip;]<\/p>\n","protected":false},"author":1772,"featured_media":0,"comment_status":"closed","ping_status":"closed","sticky":false,"template":"","format":"standard","meta":{"fifu_image_url":"http:\/\/www.leaders.com.tn\/uploads\/content\/thumbnails_small\/1650627354_article.jpg","fifu_image_alt":"Ridha Bergaoui: Prenons soin de notre Tunisie","footnotes":""},"categories":[73,55],"tags":[],"class_list":["post-146110","post","type-post","status-publish","format-standard","hentry","category-actualite","category-tunisie"],"_links":{"self":[{"href":"https:\/\/linitiative.ca\/International\/wp-json\/wp\/v2\/posts\/146110","targetHints":{"allow":["GET"]}}],"collection":[{"href":"https:\/\/linitiative.ca\/International\/wp-json\/wp\/v2\/posts"}],"about":[{"href":"https:\/\/linitiative.ca\/International\/wp-json\/wp\/v2\/types\/post"}],"author":[{"embeddable":true,"href":"https:\/\/linitiative.ca\/International\/wp-json\/wp\/v2\/users\/1772"}],"replies":[{"embeddable":true,"href":"https:\/\/linitiative.ca\/International\/wp-json\/wp\/v2\/comments?post=146110"}],"version-history":[{"count":0,"href":"https:\/\/linitiative.ca\/International\/wp-json\/wp\/v2\/posts\/146110\/revisions"}],"wp:attachment":[{"href":"https:\/\/linitiative.ca\/International\/wp-json\/wp\/v2\/media?parent=146110"}],"wp:term":[{"taxonomy":"category","embeddable":true,"href":"https:\/\/linitiative.ca\/International\/wp-json\/wp\/v2\/categories?post=146110"},{"taxonomy":"post_tag","embeddable":true,"href":"https:\/\/linitiative.ca\/International\/wp-json\/wp\/v2\/tags?post=146110"}],"curies":[{"name":"wp","href":"https:\/\/api.w.org\/{rel}","templated":true}]}}