{"id":146114,"date":"2022-04-22T07:00:00","date_gmt":"2022-04-22T11:00:00","guid":{"rendered":"https:\/\/linitiative.ca\/International\/trois-nouveaux-attaches-sociaux-seront-nommes-a-washington-londres-et-abidjan\/"},"modified":"2022-04-22T07:00:00","modified_gmt":"2022-04-22T11:00:00","slug":"trois-nouveaux-attaches-sociaux-seront-nommes-a-washington-londres-et-abidjan","status":"publish","type":"post","link":"https:\/\/linitiative.ca\/International\/trois-nouveaux-attaches-sociaux-seront-nommes-a-washington-londres-et-abidjan\/","title":{"rendered":"Trois nouveaux attach\u00e9s sociaux seront nomm\u00e9s \u00e0 Washington, Londres et Abidjan"},"content":{"rendered":"<div><img decoding=\"async\" src=\"https:\/\/linitiative.ca\/International\/wp-content\/uploads\/sites\/23\/2022\/04\/1650615655_article.jpg\" alt=\"Trois nouveaux attach\u00e9s sociaux seront nomm\u00e9s \u00e0 Washington, Londres et Abidjan\" align=\"left\">Les Tunisiens r\u00e9sidents aux Etats-Unis d\u2019Am\u00e9rique, au Royaume Uni et en C\u00f4te d\u2019Ivoire pourront bient\u00f4t b\u00e9n\u00e9ficier de l\u2019assistance d\u2019attach\u00e9s sociaux. En renfort \u00e0 l\u2019action consulaire, trois nouveaux postes seront en effet cr\u00e9\u00e9s aupr\u00e8s des ambassades de Tunisie \u00e0 Washington DC, Londres et Abidjan. C\u2019est ce qu\u2019a r\u00e9v\u00e9l\u00e9 le ministre des Affaires sociales, Malek Ezzahi, dans une interview accord\u00e9e \u00e0 Leaders et qui sera publi\u00e9e dans le prochain num\u00e9ro de Leaders Magazine, du mois de mai 2022.<br \/>\nLe r\u00e9seau des attach\u00e9s sociaux \u00e9tablis \u00e0 l\u2019\u00e9tranger qui compte actuellement 52 cadres est en cours de renouvellement total. Tous les titulaires de poste ont \u00e9t\u00e9 &#8230;<\/p>\n<\/div>\n<p>Auteur:<br \/>\n<a href=\"https:\/\/www.leaders.com.tn\/article\/33273-trois-nouveaux-attaches-sociaux-seront-nommes-a-washington-londres-et-abidjan\">Cliquez ici pour lire l&rsquo;article depuis sa source.<\/a><\/p>\n","protected":false},"excerpt":{"rendered":"<p>Les Tunisiens r\u00e9sidents aux Etats-Unis d\u2019Am\u00e9rique, au Royaume Uni et en C\u00f4te d\u2019Ivoire pourront bient\u00f4t b\u00e9n\u00e9ficier de l\u2019assistance d\u2019attach\u00e9s sociaux. En renfort \u00e0 l\u2019action consulaire, trois nouveaux postes seront en effet cr\u00e9\u00e9s aupr\u00e8s des ambassades de Tunisie \u00e0 Washington DC, Londres et Abidjan. C\u2019est ce qu\u2019a r\u00e9v\u00e9l\u00e9 le ministre des Affaires sociales, Malek Ezzahi, dans [&hellip;]<\/p>\n","protected":false},"author":1772,"featured_media":0,"comment_status":"closed","ping_status":"closed","sticky":false,"template":"","format":"standard","meta":{"fifu_image_url":"http:\/\/www.leaders.com.tn\/uploads\/content\/thumbnails_small\/1650615655_article.jpg","fifu_image_alt":"Trois nouveaux attach\u00e9s sociaux seront nomm\u00e9s \u00e0 Washington, Londres et Abidjan","footnotes":""},"categories":[73,55],"tags":[],"class_list":["post-146114","post","type-post","status-publish","format-standard","hentry","category-actualite","category-tunisie"],"_links":{"self":[{"href":"https:\/\/linitiative.ca\/International\/wp-json\/wp\/v2\/posts\/146114","targetHints":{"allow":["GET"]}}],"collection":[{"href":"https:\/\/linitiative.ca\/International\/wp-json\/wp\/v2\/posts"}],"about":[{"href":"https:\/\/linitiative.ca\/International\/wp-json\/wp\/v2\/types\/post"}],"author":[{"embeddable":true,"href":"https:\/\/linitiative.ca\/International\/wp-json\/wp\/v2\/users\/1772"}],"replies":[{"embeddable":true,"href":"https:\/\/linitiative.ca\/International\/wp-json\/wp\/v2\/comments?post=146114"}],"version-history":[{"count":0,"href":"https:\/\/linitiative.ca\/International\/wp-json\/wp\/v2\/posts\/146114\/revisions"}],"wp:attachment":[{"href":"https:\/\/linitiative.ca\/International\/wp-json\/wp\/v2\/media?parent=146114"}],"wp:term":[{"taxonomy":"category","embeddable":true,"href":"https:\/\/linitiative.ca\/International\/wp-json\/wp\/v2\/categories?post=146114"},{"taxonomy":"post_tag","embeddable":true,"href":"https:\/\/linitiative.ca\/International\/wp-json\/wp\/v2\/tags?post=146114"}],"curies":[{"name":"wp","href":"https:\/\/api.w.org\/{rel}","templated":true}]}}