{"id":146116,"date":"2022-04-22T09:01:36","date_gmt":"2022-04-22T13:01:36","guid":{"rendered":"https:\/\/linitiative.ca\/International\/ramesh-pavadepoulle-si-on-debranchait-les-chargeurs-lorsquils-ne-sont-pas-utilises-cela-represente-assez-denergie-pour-alimenter-100-000-foyers\/"},"modified":"2022-04-22T09:01:36","modified_gmt":"2022-04-22T13:01:36","slug":"ramesh-pavadepoulle-si-on-debranchait-les-chargeurs-lorsquils-ne-sont-pas-utilises-cela-represente-assez-denergie-pour-alimenter-100-000-foyers","status":"publish","type":"post","link":"https:\/\/linitiative.ca\/International\/ramesh-pavadepoulle-si-on-debranchait-les-chargeurs-lorsquils-ne-sont-pas-utilises-cela-represente-assez-denergie-pour-alimenter-100-000-foyers\/","title":{"rendered":"Ramesh PAVADEPOULLE: \u00ab\u00a0si on d\u00e9branchait les chargeurs lorsqu\u2019ils ne sont pas utilis\u00e9s, cela repr\u00e9sente assez d\u2019\u00e9nergie pour alimenter 100 000 foyers\u00a0\u00bb"},"content":{"rendered":"<div><img decoding=\"async\" width=\"1308\" height=\"733\" src=\"https:\/\/linitiative.ca\/International\/wp-content\/uploads\/sites\/23\/2022\/04\/Ramesh-PAVADEPOULLE.jpg\" class=\"attachment-post-thumbnail size-post-thumbnail wp-post-image\" alt=\"\" loading=\"lazy\" srcset=\"https:\/\/linitiative.ca\/International\/wp-content\/uploads\/sites\/23\/2022\/04\/Ramesh-PAVADEPOULLE.jpg 1308w, https:\/\/www.challenge.ma\/wp-content\/uploads\/2022\/04\/Ramesh-PAVADEPOULLE-300x168.jpg 300w, https:\/\/www.challenge.ma\/wp-content\/uploads\/2022\/04\/Ramesh-PAVADEPOULLE-1024x574.jpg 1024w, https:\/\/www.challenge.ma\/wp-content\/uploads\/2022\/04\/Ramesh-PAVADEPOULLE-768x430.jpg 768w, https:\/\/www.challenge.ma\/wp-content\/uploads\/2022\/04\/Ramesh-PAVADEPOULLE-360x202.jpg 360w, https:\/\/www.challenge.ma\/wp-content\/uploads\/2022\/04\/Ramesh-PAVADEPOULLE-750x420.jpg 750w\" sizes=\"auto, (max-width: 1308px) 100vw, 1308px\" itemprop=\"image\">Selon une \u00e9tude r\u00e9alis\u00e9e en 2019 par le Shift Project, l\u2019empreinte carbone num\u00e9rique collective du monde repr\u00e9sentait pr\u00e8s de 3,7 % de toutes les \u00e9missions de gaz \u00e0 effet de serre, ce qui est comparable au niveau d\u2019\u00e9mission de l\u2019industrie a\u00e9ronautique. En outre, la consommation d\u2019\u00e9nergie du num\u00e9rique a augment\u00e9<\/div>\n<p>Auteur: Azeroual Siham<br \/>\n<a href=\"https:\/\/www.challenge.ma\/ramesh-pavadepoulle-si-un-milliard-de-personnes-debranchaient-les-chargeurs-lorsquils-ne-sont-pas-utilises-cela-permettrait-davoir-assez-denergie-pour-alimenter-100-000-foyers-237272\/\">Cliquez ici pour lire l&rsquo;article depuis sa source.<\/a><\/p>\n","protected":false},"excerpt":{"rendered":"<p>Selon une \u00e9tude r\u00e9alis\u00e9e en 2019 par le Shift Project, l\u2019empreinte carbone num\u00e9rique collective du monde repr\u00e9sentait pr\u00e8s de 3,7 % de toutes les \u00e9missions de gaz \u00e0 effet de serre, ce qui est comparable au niveau d\u2019\u00e9mission de l\u2019industrie a\u00e9ronautique. En outre, la consommation d\u2019\u00e9nergie du num\u00e9rique a augment\u00e9 Auteur: Azeroual Siham Cliquez ici [&hellip;]<\/p>\n","protected":false},"author":1787,"featured_media":0,"comment_status":"closed","ping_status":"closed","sticky":false,"template":"","format":"standard","meta":{"fifu_image_url":"https:\/\/www.challenge.ma\/wp-content\/uploads\/2022\/04\/Ramesh-PAVADEPOULLE.jpg","fifu_image_alt":"Ramesh PAVADEPOULLE: \u00ab\u00a0si on d\u00e9branchait les chargeurs lorsqu\u2019ils ne sont pas utilis\u00e9s, cela repr\u00e9sente assez d\u2019\u00e9nergie pour alimenter 100 000 foyers\u00a0\u00bb","footnotes":""},"categories":[78,54],"tags":[],"class_list":["post-146116","post","type-post","status-publish","format-standard","hentry","category-economie","category-maroc"],"_links":{"self":[{"href":"https:\/\/linitiative.ca\/International\/wp-json\/wp\/v2\/posts\/146116","targetHints":{"allow":["GET"]}}],"collection":[{"href":"https:\/\/linitiative.ca\/International\/wp-json\/wp\/v2\/posts"}],"about":[{"href":"https:\/\/linitiative.ca\/International\/wp-json\/wp\/v2\/types\/post"}],"author":[{"embeddable":true,"href":"https:\/\/linitiative.ca\/International\/wp-json\/wp\/v2\/users\/1787"}],"replies":[{"embeddable":true,"href":"https:\/\/linitiative.ca\/International\/wp-json\/wp\/v2\/comments?post=146116"}],"version-history":[{"count":0,"href":"https:\/\/linitiative.ca\/International\/wp-json\/wp\/v2\/posts\/146116\/revisions"}],"wp:attachment":[{"href":"https:\/\/linitiative.ca\/International\/wp-json\/wp\/v2\/media?parent=146116"}],"wp:term":[{"taxonomy":"category","embeddable":true,"href":"https:\/\/linitiative.ca\/International\/wp-json\/wp\/v2\/categories?post=146116"},{"taxonomy":"post_tag","embeddable":true,"href":"https:\/\/linitiative.ca\/International\/wp-json\/wp\/v2\/tags?post=146116"}],"curies":[{"name":"wp","href":"https:\/\/api.w.org\/{rel}","templated":true}]}}