{"id":146118,"date":"2022-04-22T09:28:20","date_gmt":"2022-04-22T13:28:20","guid":{"rendered":"https:\/\/linitiative.ca\/International\/portrait-loubna-ghaleb-membre-du-directoire-en-charge-de-la-strategie-tanger-med\/"},"modified":"2022-04-22T09:28:20","modified_gmt":"2022-04-22T13:28:20","slug":"portrait-loubna-ghaleb-membre-du-directoire-en-charge-de-la-strategie-tanger-med","status":"publish","type":"post","link":"https:\/\/linitiative.ca\/International\/portrait-loubna-ghaleb-membre-du-directoire-en-charge-de-la-strategie-tanger-med\/","title":{"rendered":"Portrait. Loubna Ghaleb, Membre du directoire en charge de la strat\u00e9gie \u2013 Tanger Med"},"content":{"rendered":"<div><img decoding=\"async\" width=\"1200\" height=\"765\" src=\"https:\/\/linitiative.ca\/International\/wp-content\/uploads\/sites\/23\/2022\/04\/Loubna-Ghaleb-1.jpg\" class=\"attachment-post-thumbnail size-post-thumbnail wp-post-image\" alt=\"\" loading=\"lazy\" srcset=\"https:\/\/linitiative.ca\/International\/wp-content\/uploads\/sites\/23\/2022\/04\/Loubna-Ghaleb-1.jpg 1200w, https:\/\/www.challenge.ma\/wp-content\/uploads\/2022\/03\/Loubna-Ghaleb-1-300x191.jpg 300w, https:\/\/www.challenge.ma\/wp-content\/uploads\/2022\/03\/Loubna-Ghaleb-1-1024x653.jpg 1024w, https:\/\/www.challenge.ma\/wp-content\/uploads\/2022\/03\/Loubna-Ghaleb-1-768x490.jpg 768w, https:\/\/www.challenge.ma\/wp-content\/uploads\/2022\/03\/Loubna-Ghaleb-1-360x230.jpg 360w, https:\/\/www.challenge.ma\/wp-content\/uploads\/2022\/03\/Loubna-Ghaleb-1-750x478.jpg 750w\" sizes=\"auto, (max-width: 1200px) 100vw, 1200px\" itemprop=\"image\">Loubna Ghaleb fait partie des 50 femmes inspirantes qui font bouger les lignes, s\u00e9lectionn\u00e9es dans le hors-s\u00e9rie de notre magazine Challenge \u00ab Les chances du Maroc\u00a0\u00bb, paru le 8 mars dernier en hommage \u00e0 la femme marocaine. Loubna Ghaleb a de quoi \u00eatre fi\u00e8re. Tanger Med s\u2019impose aujourd\u2019hui comme premi\u00e8re<\/div>\n<p>Auteur: Adama Sylla<br \/>\n<a href=\"https:\/\/www.challenge.ma\/portrait-loubna-ghaleb-membre-du-directoire-en-charge-de-la-strategie-tanger-med-234619\/\">Cliquez ici pour lire l&rsquo;article depuis sa source.<\/a><\/p>\n","protected":false},"excerpt":{"rendered":"<p>Loubna Ghaleb fait partie des 50 femmes inspirantes qui font bouger les lignes, s\u00e9lectionn\u00e9es dans le hors-s\u00e9rie de notre magazine Challenge \u00ab Les chances du Maroc\u00a0\u00bb, paru le 8 mars dernier en hommage \u00e0 la femme marocaine. Loubna Ghaleb a de quoi \u00eatre fi\u00e8re. Tanger Med s\u2019impose aujourd\u2019hui comme premi\u00e8re Auteur: Adama Sylla Cliquez ici [&hellip;]<\/p>\n","protected":false},"author":1787,"featured_media":0,"comment_status":"closed","ping_status":"closed","sticky":false,"template":"","format":"standard","meta":{"fifu_image_url":"https:\/\/www.challenge.ma\/wp-content\/uploads\/2022\/03\/Loubna-Ghaleb-1.jpg","fifu_image_alt":"Portrait. Loubna Ghaleb, Membre du directoire en charge de la strat\u00e9gie \u2013 Tanger Med","footnotes":""},"categories":[78,54],"tags":[],"class_list":["post-146118","post","type-post","status-publish","format-standard","hentry","category-economie","category-maroc"],"_links":{"self":[{"href":"https:\/\/linitiative.ca\/International\/wp-json\/wp\/v2\/posts\/146118","targetHints":{"allow":["GET"]}}],"collection":[{"href":"https:\/\/linitiative.ca\/International\/wp-json\/wp\/v2\/posts"}],"about":[{"href":"https:\/\/linitiative.ca\/International\/wp-json\/wp\/v2\/types\/post"}],"author":[{"embeddable":true,"href":"https:\/\/linitiative.ca\/International\/wp-json\/wp\/v2\/users\/1787"}],"replies":[{"embeddable":true,"href":"https:\/\/linitiative.ca\/International\/wp-json\/wp\/v2\/comments?post=146118"}],"version-history":[{"count":0,"href":"https:\/\/linitiative.ca\/International\/wp-json\/wp\/v2\/posts\/146118\/revisions"}],"wp:attachment":[{"href":"https:\/\/linitiative.ca\/International\/wp-json\/wp\/v2\/media?parent=146118"}],"wp:term":[{"taxonomy":"category","embeddable":true,"href":"https:\/\/linitiative.ca\/International\/wp-json\/wp\/v2\/categories?post=146118"},{"taxonomy":"post_tag","embeddable":true,"href":"https:\/\/linitiative.ca\/International\/wp-json\/wp\/v2\/tags?post=146118"}],"curies":[{"name":"wp","href":"https:\/\/api.w.org\/{rel}","templated":true}]}}