{"id":146120,"date":"2022-04-22T10:25:16","date_gmt":"2022-04-22T14:25:16","guid":{"rendered":"https:\/\/linitiative.ca\/International\/le-fond-dinvestissement-spe-aif-i-lp-entre-dans-le-capital-doutsourcia\/"},"modified":"2022-04-22T10:25:16","modified_gmt":"2022-04-22T14:25:16","slug":"le-fond-dinvestissement-spe-aif-i-lp-entre-dans-le-capital-doutsourcia","status":"publish","type":"post","link":"https:\/\/linitiative.ca\/International\/le-fond-dinvestissement-spe-aif-i-lp-entre-dans-le-capital-doutsourcia\/","title":{"rendered":"Le fond d\u2019investissement \u00ab\u00a0SPE AIF I, LP\u00a0\u00bb entre dans le capital d\u2019Outsourcia"},"content":{"rendered":"<div><img decoding=\"async\" width=\"600\" height=\"600\" src=\"https:\/\/linitiative.ca\/International\/wp-content\/uploads\/sites\/23\/2022\/04\/CHRAIBI_YOUSSEF_OUTSOURCIA.jpg\" class=\"attachment-post-thumbnail size-post-thumbnail wp-post-image\" alt=\"\" loading=\"lazy\" srcset=\"https:\/\/linitiative.ca\/International\/wp-content\/uploads\/sites\/23\/2022\/04\/CHRAIBI_YOUSSEF_OUTSOURCIA.jpg 600w, https:\/\/www.challenge.ma\/wp-content\/uploads\/2016\/03\/CHRAIBI_YOUSSEF_OUTSOURCIA-150x150.jpg 150w, https:\/\/www.challenge.ma\/wp-content\/uploads\/2016\/03\/CHRAIBI_YOUSSEF_OUTSOURCIA-300x300.jpg 300w, https:\/\/www.challenge.ma\/wp-content\/uploads\/2016\/03\/CHRAIBI_YOUSSEF_OUTSOURCIA-360x360.jpg 360w, https:\/\/www.challenge.ma\/wp-content\/uploads\/2016\/03\/CHRAIBI_YOUSSEF_OUTSOURCIA-60x60.jpg 60w, https:\/\/www.challenge.ma\/wp-content\/uploads\/2016\/03\/CHRAIBI_YOUSSEF_OUTSOURCIA-200x200.jpg 200w\" sizes=\"auto, (max-width: 600px) 100vw, 600px\" itemprop=\"image\">Le Conseil de la Concurrence a \u00e9t\u00e9 notifi\u00e9 d\u2019un projet de concentration \u00e9conomique concernant l\u2019acquisition par le fond d\u2019investissement \u00ab\u00a0SPE AIF I, LP\u00a0\u00bb du contr\u00f4le conjoint du groupe Outsourcia aux c\u00f4t\u00e9s de Youssef Chraibi. SPE AIF I, LP est un fonds d\u2019investissement g\u00e9r\u00e9 par la soci\u00e9t\u00e9 d\u2019investissement SPE Capital et<\/div>\n<p>Auteur: Mehdi Ouazzani<br \/>\n<a href=\"https:\/\/www.challenge.ma\/le-fond-dinvestissement-spe-aif-i-lp-entre-dans-le-capital-doutsourcia-237289\/\">Cliquez ici pour lire l&rsquo;article depuis sa source.<\/a><\/p>\n","protected":false},"excerpt":{"rendered":"<p>Le Conseil de la Concurrence a \u00e9t\u00e9 notifi\u00e9 d\u2019un projet de concentration \u00e9conomique concernant l\u2019acquisition par le fond d\u2019investissement \u00ab\u00a0SPE AIF I, LP\u00a0\u00bb du contr\u00f4le conjoint du groupe Outsourcia aux c\u00f4t\u00e9s de Youssef Chraibi. SPE AIF I, LP est un fonds d\u2019investissement g\u00e9r\u00e9 par la soci\u00e9t\u00e9 d\u2019investissement SPE Capital et Auteur: Mehdi Ouazzani Cliquez ici [&hellip;]<\/p>\n","protected":false},"author":1787,"featured_media":0,"comment_status":"closed","ping_status":"closed","sticky":false,"template":"","format":"standard","meta":{"fifu_image_url":"https:\/\/www.challenge.ma\/wp-content\/uploads\/2016\/03\/CHRAIBI_YOUSSEF_OUTSOURCIA.jpg","fifu_image_alt":"Le fond d\u2019investissement \u00ab\u00a0SPE AIF I, LP\u00a0\u00bb entre dans le capital d\u2019Outsourcia","footnotes":""},"categories":[78,54],"tags":[],"class_list":["post-146120","post","type-post","status-publish","format-standard","hentry","category-economie","category-maroc"],"_links":{"self":[{"href":"https:\/\/linitiative.ca\/International\/wp-json\/wp\/v2\/posts\/146120","targetHints":{"allow":["GET"]}}],"collection":[{"href":"https:\/\/linitiative.ca\/International\/wp-json\/wp\/v2\/posts"}],"about":[{"href":"https:\/\/linitiative.ca\/International\/wp-json\/wp\/v2\/types\/post"}],"author":[{"embeddable":true,"href":"https:\/\/linitiative.ca\/International\/wp-json\/wp\/v2\/users\/1787"}],"replies":[{"embeddable":true,"href":"https:\/\/linitiative.ca\/International\/wp-json\/wp\/v2\/comments?post=146120"}],"version-history":[{"count":0,"href":"https:\/\/linitiative.ca\/International\/wp-json\/wp\/v2\/posts\/146120\/revisions"}],"wp:attachment":[{"href":"https:\/\/linitiative.ca\/International\/wp-json\/wp\/v2\/media?parent=146120"}],"wp:term":[{"taxonomy":"category","embeddable":true,"href":"https:\/\/linitiative.ca\/International\/wp-json\/wp\/v2\/categories?post=146120"},{"taxonomy":"post_tag","embeddable":true,"href":"https:\/\/linitiative.ca\/International\/wp-json\/wp\/v2\/tags?post=146120"}],"curies":[{"name":"wp","href":"https:\/\/api.w.org\/{rel}","templated":true}]}}