{"id":146122,"date":"2022-04-22T11:03:53","date_gmt":"2022-04-22T15:03:53","guid":{"rendered":"https:\/\/linitiative.ca\/International\/saad-ghazaoui-nouveau-directeur-general-de-xperis-services\/"},"modified":"2022-04-22T11:03:53","modified_gmt":"2022-04-22T15:03:53","slug":"saad-ghazaoui-nouveau-directeur-general-de-xperis-services","status":"publish","type":"post","link":"https:\/\/linitiative.ca\/International\/saad-ghazaoui-nouveau-directeur-general-de-xperis-services\/","title":{"rendered":"Sa\u00e2d Ghazaoui, nouveau Directeur G\u00e9n\u00e9ral de Xperis Services"},"content":{"rendered":"<div><img decoding=\"async\" width=\"1200\" height=\"809\" src=\"https:\/\/linitiative.ca\/International\/wp-content\/uploads\/sites\/23\/2022\/04\/M.-SaaCC82d-Ghazaoui-2.jpg\" class=\"attachment-post-thumbnail size-post-thumbnail wp-post-image\" alt=\"\" loading=\"lazy\" srcset=\"https:\/\/linitiative.ca\/International\/wp-content\/uploads\/sites\/23\/2022\/04\/M.-SaaCC82d-Ghazaoui-2.jpg 1200w, https:\/\/www.challenge.ma\/wp-content\/uploads\/2022\/04\/M.-Saa\u0302d-Ghazaoui-2-300x202.jpg 300w, https:\/\/www.challenge.ma\/wp-content\/uploads\/2022\/04\/M.-Saa\u0302d-Ghazaoui-2-1024x690.jpg 1024w, https:\/\/www.challenge.ma\/wp-content\/uploads\/2022\/04\/M.-Saa\u0302d-Ghazaoui-2-768x518.jpg 768w, https:\/\/www.challenge.ma\/wp-content\/uploads\/2022\/04\/M.-Saa\u0302d-Ghazaoui-2-360x243.jpg 360w, https:\/\/www.challenge.ma\/wp-content\/uploads\/2022\/04\/M.-Saa\u0302d-Ghazaoui-2-750x506.jpg 750w\" sizes=\"auto, (max-width: 1200px) 100vw, 1200px\" itemprop=\"image\">Sa\u00e2d Ghazaoui prend la t\u00eate de Xperis Services, qui porte les activit\u00e9s de Facility et Property Management du groupe CDG D\u00e9veloppement. Sa\u00e2d Ghazaoui a \u00e9t\u00e9 nomm\u00e9 Directeur G\u00e9n\u00e9ral de Xperis Services, qui porte les activit\u00e9s de Facility et Property Management du Groupe CDG D\u00e9veloppement. La vision strat\u00e9gique de la soci\u00e9t\u00e9<\/div>\n<p>Auteur: Roland Amoussou<br \/>\n<a href=\"https:\/\/www.challenge.ma\/saad-ghazaoui-nouveau-directeur-general-de-xperis-services-237296\/\">Cliquez ici pour lire l&rsquo;article depuis sa source.<\/a><\/p>\n","protected":false},"excerpt":{"rendered":"<p>Sa\u00e2d Ghazaoui prend la t\u00eate de Xperis Services, qui porte les activit\u00e9s de Facility et Property Management du groupe CDG D\u00e9veloppement. Sa\u00e2d Ghazaoui a \u00e9t\u00e9 nomm\u00e9 Directeur G\u00e9n\u00e9ral de Xperis Services, qui porte les activit\u00e9s de Facility et Property Management du Groupe CDG D\u00e9veloppement. La vision strat\u00e9gique de la soci\u00e9t\u00e9 Auteur: Roland Amoussou Cliquez ici [&hellip;]<\/p>\n","protected":false},"author":1787,"featured_media":0,"comment_status":"closed","ping_status":"closed","sticky":false,"template":"","format":"standard","meta":{"fifu_image_url":"https:\/\/www.challenge.ma\/wp-content\/uploads\/2022\/04\/M.-Saa\u0302d-Ghazaoui-2.jpg","fifu_image_alt":"Sa\u00e2d Ghazaoui, nouveau Directeur G\u00e9n\u00e9ral de Xperis Services","footnotes":""},"categories":[78,54],"tags":[],"class_list":["post-146122","post","type-post","status-publish","format-standard","hentry","category-economie","category-maroc"],"_links":{"self":[{"href":"https:\/\/linitiative.ca\/International\/wp-json\/wp\/v2\/posts\/146122","targetHints":{"allow":["GET"]}}],"collection":[{"href":"https:\/\/linitiative.ca\/International\/wp-json\/wp\/v2\/posts"}],"about":[{"href":"https:\/\/linitiative.ca\/International\/wp-json\/wp\/v2\/types\/post"}],"author":[{"embeddable":true,"href":"https:\/\/linitiative.ca\/International\/wp-json\/wp\/v2\/users\/1787"}],"replies":[{"embeddable":true,"href":"https:\/\/linitiative.ca\/International\/wp-json\/wp\/v2\/comments?post=146122"}],"version-history":[{"count":0,"href":"https:\/\/linitiative.ca\/International\/wp-json\/wp\/v2\/posts\/146122\/revisions"}],"wp:attachment":[{"href":"https:\/\/linitiative.ca\/International\/wp-json\/wp\/v2\/media?parent=146122"}],"wp:term":[{"taxonomy":"category","embeddable":true,"href":"https:\/\/linitiative.ca\/International\/wp-json\/wp\/v2\/categories?post=146122"},{"taxonomy":"post_tag","embeddable":true,"href":"https:\/\/linitiative.ca\/International\/wp-json\/wp\/v2\/tags?post=146122"}],"curies":[{"name":"wp","href":"https:\/\/api.w.org\/{rel}","templated":true}]}}