{"id":146128,"date":"2022-04-22T16:54:10","date_gmt":"2022-04-22T20:54:10","guid":{"rendered":"https:\/\/linitiative.ca\/International\/mondial-2022-la-fifa-a-designe-de-nouveau-bresil-argentine\/"},"modified":"2022-04-22T16:54:10","modified_gmt":"2022-04-22T20:54:10","slug":"mondial-2022-la-fifa-a-designe-de-nouveau-bresil-argentine","status":"publish","type":"post","link":"https:\/\/linitiative.ca\/International\/mondial-2022-la-fifa-a-designe-de-nouveau-bresil-argentine\/","title":{"rendered":"Mondial 2022 : La FIFA a d\u00e9sign\u00e9 de nouveau Br\u00e9sil \u2013 Argentine !"},"content":{"rendered":"<div>\n<p>C\u2019est confirm\u00e9 par la FIFA. Le clasico sud-am\u00e9ricain entre le Br\u00e9sil et l\u2019Argentine aura une nouvelle date. D\u00e9sign\u00e9 et arr\u00eat\u00e9 le 05 septembre 2021 \u00e0 la 10\u00e8me minute \u00e0 cause d\u2019un probl\u00e8me li\u00e9 au protocole sanitaire anti-Covid, ce match sera officiellement rejou\u00e9 \u00a0le 22 septembre 2022. A rappeler que la dite rencontre a \u00e9t\u00e9 interrompue [\u2026]<\/p>\n<p>L\u2019article <a href=\"https:\/\/sport.tunisienumerique.com\/mondial-2022-la-fifa-a-designe-de-nouveau-bresil-argentine\/\">Mondial 2022 : La FIFA a d\u00e9sign\u00e9 de nouveau Br\u00e9sil \u2013 Argentine !<\/a> est apparu en premier sur <a href=\"https:\/\/www.tunisienumerique.com\/\">Tunisie<\/a>.<\/p>\n<\/div>\n<p>Auteur: Hamza Ben Khlifa<br \/>\n<a href=\"https:\/\/sport.tunisienumerique.com\/mondial-2022-la-fifa-a-designe-de-nouveau-bresil-argentine\/\">Cliquez ici pour lire l&rsquo;article depuis sa source.<\/a><\/p>\n","protected":false},"excerpt":{"rendered":"<p>C\u2019est confirm\u00e9 par la FIFA. Le clasico sud-am\u00e9ricain entre le Br\u00e9sil et l\u2019Argentine aura une nouvelle date. D\u00e9sign\u00e9 et arr\u00eat\u00e9 le 05 septembre 2021 \u00e0 la 10\u00e8me minute \u00e0 cause d\u2019un probl\u00e8me li\u00e9 au protocole sanitaire anti-Covid, ce match sera officiellement rejou\u00e9 \u00a0le 22 septembre 2022. A rappeler que la dite rencontre a \u00e9t\u00e9 interrompue [&hellip;]<\/p>\n","protected":false},"author":1789,"featured_media":0,"comment_status":"closed","ping_status":"closed","sticky":false,"template":"","format":"standard","meta":{"fifu_image_url":"","fifu_image_alt":"","footnotes":""},"categories":[73,55],"tags":[],"class_list":["post-146128","post","type-post","status-publish","format-standard","hentry","category-actualite","category-tunisie"],"_links":{"self":[{"href":"https:\/\/linitiative.ca\/International\/wp-json\/wp\/v2\/posts\/146128","targetHints":{"allow":["GET"]}}],"collection":[{"href":"https:\/\/linitiative.ca\/International\/wp-json\/wp\/v2\/posts"}],"about":[{"href":"https:\/\/linitiative.ca\/International\/wp-json\/wp\/v2\/types\/post"}],"author":[{"embeddable":true,"href":"https:\/\/linitiative.ca\/International\/wp-json\/wp\/v2\/users\/1789"}],"replies":[{"embeddable":true,"href":"https:\/\/linitiative.ca\/International\/wp-json\/wp\/v2\/comments?post=146128"}],"version-history":[{"count":0,"href":"https:\/\/linitiative.ca\/International\/wp-json\/wp\/v2\/posts\/146128\/revisions"}],"wp:attachment":[{"href":"https:\/\/linitiative.ca\/International\/wp-json\/wp\/v2\/media?parent=146128"}],"wp:term":[{"taxonomy":"category","embeddable":true,"href":"https:\/\/linitiative.ca\/International\/wp-json\/wp\/v2\/categories?post=146128"},{"taxonomy":"post_tag","embeddable":true,"href":"https:\/\/linitiative.ca\/International\/wp-json\/wp\/v2\/tags?post=146128"}],"curies":[{"name":"wp","href":"https:\/\/api.w.org\/{rel}","templated":true}]}}