{"id":146130,"date":"2022-04-22T17:15:45","date_gmt":"2022-04-22T21:15:45","guid":{"rendered":"https:\/\/linitiative.ca\/International\/consommant-560-litres-deau-par-kg-les-oranges-tunisiennes-sont-bradees-et-sans-perspectives-a-lexport\/"},"modified":"2022-04-22T17:15:45","modified_gmt":"2022-04-22T21:15:45","slug":"consommant-560-litres-deau-par-kg-les-oranges-tunisiennes-sont-bradees-et-sans-perspectives-a-lexport","status":"publish","type":"post","link":"https:\/\/linitiative.ca\/International\/consommant-560-litres-deau-par-kg-les-oranges-tunisiennes-sont-bradees-et-sans-perspectives-a-lexport\/","title":{"rendered":"Consommant 560 litres d\u2019eau par kg, les oranges tunisiennes sont brad\u00e9es et sans perspectives \u00e0 l\u2019export\u2026"},"content":{"rendered":"<div>\n<p>Selon l\u2019\u00e9tat de la situation des exportations des agrumes en volume du 1er octobre 2021 au 04 avril 2022 \u00e9tablie par le Groupement Interprofessionnel des Fruits (GIFruits), les exportations des agrumes en termes de valeur g\u00e9n\u00e8rent une baisse de 10% soit 28,3 millions de dinars cette saison contre 31,5 millions de dinars ainsi qu\u2019une chute [\u2026]<\/p>\n<p>L\u2019article <a href=\"https:\/\/www.tunisienumerique.com\/consommant-560-litres-deau-par-kg-les-oranges-tunisiennes-sont-bradees-et-sans-perspectives-a-lexport\/\">Consommant 560 litres d\u2019eau par kg, les oranges tunisiennes sont brad\u00e9es et sans perspectives \u00e0 l\u2019export\u2026<\/a> est apparu en premier sur <a href=\"https:\/\/www.tunisienumerique.com\/\">Tunisie<\/a>.<\/p>\n<\/div>\n<p>Auteur: Mohamed Ben Abderrazek<br \/>\n<a href=\"https:\/\/www.tunisienumerique.com\/consommant-560-litres-deau-par-kg-les-oranges-tunisiennes-sont-bradees-et-sans-perspectives-a-lexport\/\">Cliquez ici pour lire l&rsquo;article depuis sa source.<\/a><\/p>\n","protected":false},"excerpt":{"rendered":"<p>Selon l\u2019\u00e9tat de la situation des exportations des agrumes en volume du 1er octobre 2021 au 04 avril 2022 \u00e9tablie par le Groupement Interprofessionnel des Fruits (GIFruits), les exportations des agrumes en termes de valeur g\u00e9n\u00e8rent une baisse de 10% soit 28,3 millions de dinars cette saison contre 31,5 millions de dinars ainsi qu\u2019une chute [&hellip;]<\/p>\n","protected":false},"author":1789,"featured_media":0,"comment_status":"closed","ping_status":"closed","sticky":false,"template":"","format":"standard","meta":{"fifu_image_url":"","fifu_image_alt":"","footnotes":""},"categories":[73,55],"tags":[],"class_list":["post-146130","post","type-post","status-publish","format-standard","hentry","category-actualite","category-tunisie"],"_links":{"self":[{"href":"https:\/\/linitiative.ca\/International\/wp-json\/wp\/v2\/posts\/146130","targetHints":{"allow":["GET"]}}],"collection":[{"href":"https:\/\/linitiative.ca\/International\/wp-json\/wp\/v2\/posts"}],"about":[{"href":"https:\/\/linitiative.ca\/International\/wp-json\/wp\/v2\/types\/post"}],"author":[{"embeddable":true,"href":"https:\/\/linitiative.ca\/International\/wp-json\/wp\/v2\/users\/1789"}],"replies":[{"embeddable":true,"href":"https:\/\/linitiative.ca\/International\/wp-json\/wp\/v2\/comments?post=146130"}],"version-history":[{"count":0,"href":"https:\/\/linitiative.ca\/International\/wp-json\/wp\/v2\/posts\/146130\/revisions"}],"wp:attachment":[{"href":"https:\/\/linitiative.ca\/International\/wp-json\/wp\/v2\/media?parent=146130"}],"wp:term":[{"taxonomy":"category","embeddable":true,"href":"https:\/\/linitiative.ca\/International\/wp-json\/wp\/v2\/categories?post=146130"},{"taxonomy":"post_tag","embeddable":true,"href":"https:\/\/linitiative.ca\/International\/wp-json\/wp\/v2\/tags?post=146130"}],"curies":[{"name":"wp","href":"https:\/\/api.w.org\/{rel}","templated":true}]}}