{"id":146132,"date":"2022-04-21T21:23:51","date_gmt":"2022-04-22T01:23:51","guid":{"rendered":"https:\/\/linitiative.ca\/International\/statut-de-pupille-de-la-nation-les-textes-dapplication-de-la-loi-valides\/"},"modified":"2022-04-21T21:23:51","modified_gmt":"2022-04-22T01:23:51","slug":"statut-de-pupille-de-la-nation-les-textes-dapplication-de-la-loi-valides","status":"publish","type":"post","link":"https:\/\/linitiative.ca\/International\/statut-de-pupille-de-la-nation-les-textes-dapplication-de-la-loi-valides\/","title":{"rendered":"Statut de pupille de la Nation : les textes d\u2019application  de la loi valid\u00e9s"},"content":{"rendered":"<div>\n<p><strong>La Primature a organis\u00e9 un atelier de validation de l\u2019avant-projet de loi portant statut de pupille de la Nation et les autres textes juridiques y relatifs, le jeudi 21 Avril 2022 \u00e0 Ouagadougou. <\/strong><\/p>\n<p>Le gouvernement veut r\u00e9unir les conditions pour une meilleure prise en charge des enfants des combattants tomb\u00e9s sur le champ de bataille. Dans ce sens, la Primature a organis\u00e9 un atelier de validation des textes juridiques portant statut de pupille, de martyr, d\u2019invalide et de h\u00e9ros de la Nation, le jeudi 21 avril 2022 dans la capitale burkinab\u00e8.<\/p>\n<p>La Secr\u00e9taire g\u00e9n\u00e9rale (SG) de la Primature, Yvonne Rouamba, a indiqu\u00e9 que depuis son adoption en 2015, la loi sur le statut de pupille de la Nation n\u2019a pas connu un d\u00e9but de mis en \u0153uvre, du fait de l\u2019absence des textes d\u2019application et de certaines insuffisances qu\u2019elle comporte. D\u2019o\u00f9 l\u2019int\u00e9r\u00eat de cet atelier. Mme Rouamba a, par ailleurs, relev\u00e9 qu\u2019un comit\u00e9 interminist\u00e9riel a \u00e9t\u00e9 mis en place au sein de la primature afin de r\u00e9fl\u00e9chir sur les possibilit\u00e9s d\u2019am\u00e9lioration de ladite loi.<\/p>\n<p>A son avis, outre l\u2019avant-projet de loi portant statut de pupille de la Nation, son d\u00e9cret fixant la proc\u00e9dure d\u2019adoption, les modalit\u00e9s de protection et le soutien aux pupilles de la nation, le comit\u00e9 aura \u00e0 discuter sur l\u2019application de nouveaux textes. Il s\u2019agit de l\u2019avant- projet de loi portant statut de martyr et d\u2019invalide de la Nation, l\u2019avant-projet de loi portant statut de h\u00e9ros de la Nation et trois expos\u00e9s de motifs des projets de lois propos\u00e9s.<\/p>\n<p>Selon la SG de la Primature, la relecture des textes fait suite au plaidoyer des veuves et orphelins de l\u2019Association des femmes unies et solidaires(AFUS) sur les difficult\u00e9s qu\u2019elles rencontrent. La repr\u00e9sentante de l\u2019AFUS, Florentine Nikiema n\u00e9e Gasbeogo a confi\u00e9 que ce sont les dures r\u00e9alit\u00e9s que vivent les veuves des soldats tomb\u00e9s au front qui ont conduit son association \u00e0 saisir l\u2019autorit\u00e9.<\/p>\n<p>\u00ab Les veuves des FDS sont confront\u00e9es au manque d\u2019emplois. Elles rencontrent des difficult\u00e9s dans l\u2019\u00e9ducation de leurs enfants. Elles sont devenues m\u00e8re et p\u00e8re \u00e0 la fois\u00bb, a-t-elle pr\u00e9cis\u00e9. Mme Nikiema a, en outre, signifi\u00e9 que leur lutte est de faire en sorte que leurs enfants aient de bonnes conditions de vie comme les autres enfants. C\u2019est au regard de ces difficult\u00e9s, a relev\u00e9 Yvonne Rouamba, que le Pr\u00e9sident du Faso a instruit la Primature de concert avec les acteurs int\u00e9ress\u00e9s, de prendre des dispositions urgentes pour l\u2019\u00e9laboration des textes d\u2019application sur la loi portant pupille de la Nation.<\/p>\n<p>A propos, elle a invit\u00e9 les participants de l\u2019atelier \u00e0 faire des critiques constructives et des propositions r\u00e9alistes en vue de prendre en compte les attentes des populations.<\/p>\n<p style=\"text-align: right\"><strong>Abdoulaye BALBONE<\/strong><\/p>\n<p style=\"text-align: right\"><strong> Marie D\u00e9sir\u00e9e SAWADOGO<\/strong> (Stagiaire)<\/p>\n<p>L\u2019article <a rel=\"nofollow\" href=\"https:\/\/www.sidwaya.info\/blog\/2022\/04\/22\/statut-de-pupille-de-la-nation-les-textes-dapplication-de-la-loi-valides\/\">Statut de pupille de la Nation : les textes d\u2019application  de la loi valid\u00e9s<\/a> est apparu en premier sur <a rel=\"nofollow\" href=\"https:\/\/www.sidwaya.info\/\">Quotidien Sidwaya<\/a>.<\/p>\n<\/div>\n<p>Auteur: JK. Sidwaya<br \/>\n<a href=\"https:\/\/www.sidwaya.info\/blog\/2022\/04\/22\/statut-de-pupille-de-la-nation-les-textes-dapplication-de-la-loi-valides\/?utm_source=rss&#038;utm_medium=rss&#038;utm_campaign=statut-de-pupille-de-la-nation-les-textes-dapplication-de-la-loi-valides\">Cliquez ici pour lire l&rsquo;article depuis sa source.<\/a><\/p>\n","protected":false},"excerpt":{"rendered":"<p>La Primature a organis\u00e9 un atelier de validation de l\u2019avant-projet de loi portant statut de pupille de la Nation et les autres textes juridiques y relatifs, le jeudi 21 Avril 2022 \u00e0 Ouagadougou. Le gouvernement veut r\u00e9unir les conditions pour une meilleure prise en charge des enfants des combattants tomb\u00e9s sur le champ de bataille. [&hellip;]<\/p>\n","protected":false},"author":1816,"featured_media":0,"comment_status":"closed","ping_status":"closed","sticky":false,"template":"","format":"standard","meta":{"fifu_image_url":"","fifu_image_alt":"","footnotes":""},"categories":[73,81],"tags":[],"class_list":["post-146132","post","type-post","status-publish","format-standard","hentry","category-actualite","category-burkina-faso"],"_links":{"self":[{"href":"https:\/\/linitiative.ca\/International\/wp-json\/wp\/v2\/posts\/146132","targetHints":{"allow":["GET"]}}],"collection":[{"href":"https:\/\/linitiative.ca\/International\/wp-json\/wp\/v2\/posts"}],"about":[{"href":"https:\/\/linitiative.ca\/International\/wp-json\/wp\/v2\/types\/post"}],"author":[{"embeddable":true,"href":"https:\/\/linitiative.ca\/International\/wp-json\/wp\/v2\/users\/1816"}],"replies":[{"embeddable":true,"href":"https:\/\/linitiative.ca\/International\/wp-json\/wp\/v2\/comments?post=146132"}],"version-history":[{"count":0,"href":"https:\/\/linitiative.ca\/International\/wp-json\/wp\/v2\/posts\/146132\/revisions"}],"wp:attachment":[{"href":"https:\/\/linitiative.ca\/International\/wp-json\/wp\/v2\/media?parent=146132"}],"wp:term":[{"taxonomy":"category","embeddable":true,"href":"https:\/\/linitiative.ca\/International\/wp-json\/wp\/v2\/categories?post=146132"},{"taxonomy":"post_tag","embeddable":true,"href":"https:\/\/linitiative.ca\/International\/wp-json\/wp\/v2\/tags?post=146132"}],"curies":[{"name":"wp","href":"https:\/\/api.w.org\/{rel}","templated":true}]}}