{"id":146172,"date":"2022-04-22T17:30:30","date_gmt":"2022-04-22T21:30:30","guid":{"rendered":"https:\/\/linitiative.ca\/International\/aptiv-oujda-lancement-de-loperation-de-recrutement\/"},"modified":"2022-04-22T17:30:30","modified_gmt":"2022-04-22T21:30:30","slug":"aptiv-oujda-lancement-de-loperation-de-recrutement","status":"publish","type":"post","link":"https:\/\/linitiative.ca\/International\/aptiv-oujda-lancement-de-loperation-de-recrutement\/","title":{"rendered":"APTIV-Oujda : Lancement de l\u2019op\u00e9ration de recrutement"},"content":{"rendered":"<div>\n<div style=\"margin-bottom:20px;\"><img loading=\"lazy\" decoding=\"async\" width=\"750\" height=\"430\" src=\"https:\/\/linitiative.ca\/International\/wp-content\/uploads\/sites\/23\/2022\/04\/usine-de-cC3A2blage-automobile-750C397430-MAP.jpg\" class=\"attachment-post-thumbnail size-post-thumbnail wp-post-image\" alt=\"\" srcset=\"https:\/\/linitiative.ca\/International\/wp-content\/uploads\/sites\/23\/2022\/04\/usine-de-cC3A2blage-automobile-750C397430-MAP.jpg 750w, https:\/\/www.mapoujda.ma\/map\/uploads\/2021\/12\/usine-de-c\u00e2blage-automobile-750\u00d7430-MAP-300x172.jpg 300w\" sizes=\"auto, (max-width: 750px) 100vw, 750px\"><\/div>\n<p style=\"text-align: justify;\">Une op\u00e9ration de recrutement a \u00e9t\u00e9 lanc\u00e9e r\u00e9cemment pour le compte de la nouvelle unit\u00e9 industrielle relevant du groupe \u00abAPTIV\u00bb, sp\u00e9cialis\u00e9 dans le c\u00e2blage automobile, qui est en cours de r\u00e9alisation \u00e0 Oujda.<\/p>\n<p style=\"text-align: justify;\">Cette op\u00e9ration de recrutement cible les personnes d\u00e9tentrices d\u2019un baccalaur\u00e9at ou plus, ou d\u2019un dipl\u00f4me de technicien ou plus, indique un communiqu\u00e9 du Centre r\u00e9gional d\u2019investissement (CRI) de l\u2019Oriental, pr\u00e9cisant que les demandes doivent \u00eatre d\u00e9pos\u00e9es sur le portail \u00e9lectronique de l\u2019Agence nationale de promotion de l\u2019emploi et des comp\u00e9tences (ANAPEC).<\/p>\n<p style=\"text-align: justify;\">A noter que ce projet, lanc\u00e9 en janvier dernier au niveau de la zone d\u2019acc\u00e9l\u00e9ration industrielle du Technopole d\u2019Oujda, doit permettre la cr\u00e9ation de 3.500 emplois directs.<\/p>\n<p style=\"text-align: justify;\">Ce projet s\u2019inscrit dans le cadre d\u2019une convention de partenariat liant le groupe APTIV, la Wilaya de la r\u00e9gion de l\u2019Oriental, le Conseil de la r\u00e9gion de l\u2019Oriental, le CRI et la soci\u00e9t\u00e9 MedZ.<\/p>\n<p>L\u2019article <a rel=\"nofollow\" href=\"https:\/\/www.mapoujda.ma\/fr\/aptiv-oujda-lancement-de-loperation-de-recrutement\/\">APTIV-Oujda : Lancement de l\u2019op\u00e9ration de recrutement<\/a> est apparu en premier sur <a rel=\"nofollow\" href=\"https:\/\/www.mapoujda.ma\/fr\">MapOujda<\/a>.<\/p>\n<\/div>\n<p>Auteur: Soufiane ELAHMAR<br \/>\n<a href=\"https:\/\/www.mapoujda.ma\/fr\/aptiv-oujda-lancement-de-loperation-de-recrutement\/\">Cliquez ici pour lire l&rsquo;article depuis sa source.<\/a><\/p>\n","protected":false},"excerpt":{"rendered":"<p>Une op\u00e9ration de recrutement a \u00e9t\u00e9 lanc\u00e9e r\u00e9cemment pour le compte de la nouvelle unit\u00e9 industrielle relevant du groupe \u00abAPTIV\u00bb, sp\u00e9cialis\u00e9 dans le c\u00e2blage automobile, qui est en cours de r\u00e9alisation \u00e0 Oujda. Cette op\u00e9ration de recrutement cible les personnes d\u00e9tentrices d\u2019un baccalaur\u00e9at ou plus, ou d\u2019un dipl\u00f4me de technicien ou plus, indique un communiqu\u00e9 [&hellip;]<\/p>\n","protected":false},"author":1788,"featured_media":0,"comment_status":"closed","ping_status":"closed","sticky":false,"template":"","format":"standard","meta":{"fifu_image_url":"https:\/\/www.mapoujda.ma\/map\/uploads\/2021\/12\/usine-de-c\u00e2blage-automobile-750\u00d7430-MAP.jpg","fifu_image_alt":"APTIV-Oujda : Lancement de l\u2019op\u00e9ration de recrutement","footnotes":""},"categories":[54,76],"tags":[],"class_list":["post-146172","post","type-post","status-publish","format-standard","hentry","category-maroc","category-regions"],"_links":{"self":[{"href":"https:\/\/linitiative.ca\/International\/wp-json\/wp\/v2\/posts\/146172","targetHints":{"allow":["GET"]}}],"collection":[{"href":"https:\/\/linitiative.ca\/International\/wp-json\/wp\/v2\/posts"}],"about":[{"href":"https:\/\/linitiative.ca\/International\/wp-json\/wp\/v2\/types\/post"}],"author":[{"embeddable":true,"href":"https:\/\/linitiative.ca\/International\/wp-json\/wp\/v2\/users\/1788"}],"replies":[{"embeddable":true,"href":"https:\/\/linitiative.ca\/International\/wp-json\/wp\/v2\/comments?post=146172"}],"version-history":[{"count":0,"href":"https:\/\/linitiative.ca\/International\/wp-json\/wp\/v2\/posts\/146172\/revisions"}],"wp:attachment":[{"href":"https:\/\/linitiative.ca\/International\/wp-json\/wp\/v2\/media?parent=146172"}],"wp:term":[{"taxonomy":"category","embeddable":true,"href":"https:\/\/linitiative.ca\/International\/wp-json\/wp\/v2\/categories?post=146172"},{"taxonomy":"post_tag","embeddable":true,"href":"https:\/\/linitiative.ca\/International\/wp-json\/wp\/v2\/tags?post=146172"}],"curies":[{"name":"wp","href":"https:\/\/api.w.org\/{rel}","templated":true}]}}