{"id":146178,"date":"2022-04-23T06:47:50","date_gmt":"2022-04-23T10:47:50","guid":{"rendered":"https:\/\/linitiative.ca\/International\/autoroute-casa-berrechid-pose-dune-passerelle-pietons\/"},"modified":"2022-04-23T06:47:50","modified_gmt":"2022-04-23T10:47:50","slug":"autoroute-casa-berrechid-pose-dune-passerelle-pietons","status":"publish","type":"post","link":"https:\/\/linitiative.ca\/International\/autoroute-casa-berrechid-pose-dune-passerelle-pietons\/","title":{"rendered":"Autoroute Casa-Berrechid: pose d\u2019une passerelle pi\u00e9tons"},"content":{"rendered":"<div>\n<div class=\"field field-name-body field-type-text-with-summary field-label-hidden\">\n<div class=\"field-items\">\n<div class=\"field-item even\" property=\"content:encoded\">\n<p align=\"justify\">La Soci\u00e9t\u00e9 nationale des Autoroutes du Maroc (ADM) informe les usagers de l\u2019autoroute Casablanca-Berrechid qu\u2019une passerelle pi\u00e9tons sera pos\u00e9e au niveau du point kilom\u00e9trique PK3, pendant la nuit du mardi 26 avril \u00e0 21h00 jusqu\u2019au mercredi 27 avril \u00e0 6h00.<\/p>\n<\/div>\n<\/div>\n<\/div>\n<\/div>\n<p>Auteur: mbasraoui<br \/>\n<a href=\"https:\/\/www.leconomiste.com\/flash-infos\/autoroute-casa-berrechid-pose-d-une-passerelle-pietons\">Cliquez ici pour lire l&rsquo;article depuis sa source.<\/a><\/p>\n","protected":false},"excerpt":{"rendered":"<p>La Soci\u00e9t\u00e9 nationale des Autoroutes du Maroc (ADM) informe les usagers de l\u2019autoroute Casablanca-Berrechid qu\u2019une passerelle pi\u00e9tons sera pos\u00e9e au niveau du point kilom\u00e9trique PK3, pendant la nuit du mardi 26 avril \u00e0 21h00 jusqu\u2019au mercredi 27 avril \u00e0 6h00. Auteur: mbasraoui Cliquez ici pour lire l&rsquo;article depuis sa source.<\/p>\n","protected":false},"author":1763,"featured_media":0,"comment_status":"closed","ping_status":"closed","sticky":false,"template":"","format":"standard","meta":{"fifu_image_url":"","fifu_image_alt":"","footnotes":""},"categories":[78,54],"tags":[],"class_list":["post-146178","post","type-post","status-publish","format-standard","hentry","category-economie","category-maroc"],"_links":{"self":[{"href":"https:\/\/linitiative.ca\/International\/wp-json\/wp\/v2\/posts\/146178","targetHints":{"allow":["GET"]}}],"collection":[{"href":"https:\/\/linitiative.ca\/International\/wp-json\/wp\/v2\/posts"}],"about":[{"href":"https:\/\/linitiative.ca\/International\/wp-json\/wp\/v2\/types\/post"}],"author":[{"embeddable":true,"href":"https:\/\/linitiative.ca\/International\/wp-json\/wp\/v2\/users\/1763"}],"replies":[{"embeddable":true,"href":"https:\/\/linitiative.ca\/International\/wp-json\/wp\/v2\/comments?post=146178"}],"version-history":[{"count":0,"href":"https:\/\/linitiative.ca\/International\/wp-json\/wp\/v2\/posts\/146178\/revisions"}],"wp:attachment":[{"href":"https:\/\/linitiative.ca\/International\/wp-json\/wp\/v2\/media?parent=146178"}],"wp:term":[{"taxonomy":"category","embeddable":true,"href":"https:\/\/linitiative.ca\/International\/wp-json\/wp\/v2\/categories?post=146178"},{"taxonomy":"post_tag","embeddable":true,"href":"https:\/\/linitiative.ca\/International\/wp-json\/wp\/v2\/tags?post=146178"}],"curies":[{"name":"wp","href":"https:\/\/api.w.org\/{rel}","templated":true}]}}