{"id":146187,"date":"2022-04-23T07:09:54","date_gmt":"2022-04-23T11:09:54","guid":{"rendered":"https:\/\/linitiative.ca\/International\/le-groupe-butec-finalise-lacquisition-dengie-services-maroc\/"},"modified":"2022-04-23T07:09:54","modified_gmt":"2022-04-23T11:09:54","slug":"le-groupe-butec-finalise-lacquisition-dengie-services-maroc","status":"publish","type":"post","link":"https:\/\/linitiative.ca\/International\/le-groupe-butec-finalise-lacquisition-dengie-services-maroc\/","title":{"rendered":"Le groupe Butec finalise l\u2019acquisition d\u2019Engie Services Maroc"},"content":{"rendered":"<div><img decoding=\"async\" width=\"1708\" height=\"1138\" src=\"https:\/\/linitiative.ca\/International\/wp-content\/uploads\/sites\/23\/2022\/04\/Philippe-Miquel-PDG-de-Engie-Services-Maroc.jpg\" class=\"attachment-post-thumbnail size-post-thumbnail wp-post-image\" alt=\"\" loading=\"lazy\" srcset=\"https:\/\/linitiative.ca\/International\/wp-content\/uploads\/sites\/23\/2022\/04\/Philippe-Miquel-PDG-de-Engie-Services-Maroc.jpg 1708w, https:\/\/www.challenge.ma\/wp-content\/uploads\/2019\/12\/Philippe-Miquel-PDG-de-Engie-Services-Maroc-300x200.jpg 300w, https:\/\/www.challenge.ma\/wp-content\/uploads\/2019\/12\/Philippe-Miquel-PDG-de-Engie-Services-Maroc-768x512.jpg 768w, https:\/\/www.challenge.ma\/wp-content\/uploads\/2019\/12\/Philippe-Miquel-PDG-de-Engie-Services-Maroc-1024x682.jpg 1024w, https:\/\/www.challenge.ma\/wp-content\/uploads\/2019\/12\/Philippe-Miquel-PDG-de-Engie-Services-Maroc-360x240.jpg 360w, https:\/\/www.challenge.ma\/wp-content\/uploads\/2019\/12\/Philippe-Miquel-PDG-de-Engie-Services-Maroc-750x500.jpg 750w\" sizes=\"auto, (max-width: 1708px) 100vw, 1708px\" itemprop=\"image\">Dans le sillage de l\u2019accord conclu le 16 d\u00e9cembre 2021, le groupe Butec, bas\u00e9 aux Emirats Arabes Unis, a finalis\u00e9 le 31 mars 2022 le processus de rachat de\u00a0l\u2019ensemble des activit\u00e9s de \u00ab\u00a0Services \u00e0 l\u2019Energie\u00a0\u00bb du g\u00e9ant fran\u00e7ais ENGIE en Afrique. Cette acquisition permet \u00e0 Butec, entreprise fond\u00e9e en 1964,<\/div>\n<p>Auteur: Mehdi Ouazzani<br \/>\n<a href=\"https:\/\/www.challenge.ma\/le-cabinet-adna-conseille-butec-dans-le-cadre-de-lacquisition-dengie-services-maroc-237345\/\">Cliquez ici pour lire l&rsquo;article depuis sa source.<\/a><\/p>\n","protected":false},"excerpt":{"rendered":"<p>Dans le sillage de l\u2019accord conclu le 16 d\u00e9cembre 2021, le groupe Butec, bas\u00e9 aux Emirats Arabes Unis, a finalis\u00e9 le 31 mars 2022 le processus de rachat de\u00a0l\u2019ensemble des activit\u00e9s de \u00ab\u00a0Services \u00e0 l\u2019Energie\u00a0\u00bb du g\u00e9ant fran\u00e7ais ENGIE en Afrique. Cette acquisition permet \u00e0 Butec, entreprise fond\u00e9e en 1964, Auteur: Mehdi Ouazzani Cliquez ici [&hellip;]<\/p>\n","protected":false},"author":1787,"featured_media":0,"comment_status":"closed","ping_status":"closed","sticky":false,"template":"","format":"standard","meta":{"fifu_image_url":"https:\/\/www.challenge.ma\/wp-content\/uploads\/2019\/12\/Philippe-Miquel-PDG-de-Engie-Services-Maroc.jpg","fifu_image_alt":"Le groupe Butec finalise l\u2019acquisition d\u2019Engie Services Maroc","footnotes":""},"categories":[78,54],"tags":[],"class_list":["post-146187","post","type-post","status-publish","format-standard","hentry","category-economie","category-maroc"],"_links":{"self":[{"href":"https:\/\/linitiative.ca\/International\/wp-json\/wp\/v2\/posts\/146187","targetHints":{"allow":["GET"]}}],"collection":[{"href":"https:\/\/linitiative.ca\/International\/wp-json\/wp\/v2\/posts"}],"about":[{"href":"https:\/\/linitiative.ca\/International\/wp-json\/wp\/v2\/types\/post"}],"author":[{"embeddable":true,"href":"https:\/\/linitiative.ca\/International\/wp-json\/wp\/v2\/users\/1787"}],"replies":[{"embeddable":true,"href":"https:\/\/linitiative.ca\/International\/wp-json\/wp\/v2\/comments?post=146187"}],"version-history":[{"count":0,"href":"https:\/\/linitiative.ca\/International\/wp-json\/wp\/v2\/posts\/146187\/revisions"}],"wp:attachment":[{"href":"https:\/\/linitiative.ca\/International\/wp-json\/wp\/v2\/media?parent=146187"}],"wp:term":[{"taxonomy":"category","embeddable":true,"href":"https:\/\/linitiative.ca\/International\/wp-json\/wp\/v2\/categories?post=146187"},{"taxonomy":"post_tag","embeddable":true,"href":"https:\/\/linitiative.ca\/International\/wp-json\/wp\/v2\/tags?post=146187"}],"curies":[{"name":"wp","href":"https:\/\/api.w.org\/{rel}","templated":true}]}}