{"id":146189,"date":"2022-04-23T16:15:46","date_gmt":"2022-04-23T20:15:46","guid":{"rendered":"https:\/\/linitiative.ca\/International\/tunisie-la-derniere-une-eleve-renvoyee-du-college-pour-maquillage-et-port-de-boucles-doreilles\/"},"modified":"2022-04-23T16:15:46","modified_gmt":"2022-04-23T20:15:46","slug":"tunisie-la-derniere-une-eleve-renvoyee-du-college-pour-maquillage-et-port-de-boucles-doreilles","status":"publish","type":"post","link":"https:\/\/linitiative.ca\/International\/tunisie-la-derniere-une-eleve-renvoyee-du-college-pour-maquillage-et-port-de-boucles-doreilles\/","title":{"rendered":"Tunisie \u2013 La derni\u00e8re\u00a0: Une \u00e9l\u00e8ve renvoy\u00e9e du coll\u00e8ge pour maquillage et port de boucles d\u2019oreilles"},"content":{"rendered":"<div>\n<p>Une \u00e9l\u00e8ve de neuvi\u00e8me ann\u00e9e de base, soit, \u00e0 la veille de son acc\u00e8s au lyc\u00e9e, a essuy\u00e9 un renvoi de son coll\u00e8ge pour usage de poudre de maquillage et port de boucles d\u2019oreilles. Le directeur de l\u2019\u00e9cole n\u2019a pas h\u00e9sit\u00e9 \u00e0 marquer un tel motif sur l\u2019avis de renvoi adress\u00e9 au parent, et a [\u2026]<\/p>\n<p>L\u2019article <a href=\"https:\/\/www.tunisienumerique.com\/tunisie-la-derniere-une-eleve-renvoyee-du-college-pour-maquillage-et-port-de-boucles-doreilles\/\">Tunisie \u2013 La derni\u00e8re\u00a0: Une \u00e9l\u00e8ve renvoy\u00e9e du coll\u00e8ge pour maquillage et port de boucles d\u2019oreilles<\/a> est apparu en premier sur <a href=\"https:\/\/www.tunisienumerique.com\/\">Tunisie<\/a>.<\/p>\n<\/div>\n<p>Auteur: LM<br \/>\n<a href=\"https:\/\/www.tunisienumerique.com\/tunisie-la-derniere-une-eleve-renvoyee-du-college-pour-maquillage-et-port-de-boucles-doreilles\/\">Cliquez ici pour lire l&rsquo;article depuis sa source.<\/a><\/p>\n","protected":false},"excerpt":{"rendered":"<p>Une \u00e9l\u00e8ve de neuvi\u00e8me ann\u00e9e de base, soit, \u00e0 la veille de son acc\u00e8s au lyc\u00e9e, a essuy\u00e9 un renvoi de son coll\u00e8ge pour usage de poudre de maquillage et port de boucles d\u2019oreilles. Le directeur de l\u2019\u00e9cole n\u2019a pas h\u00e9sit\u00e9 \u00e0 marquer un tel motif sur l\u2019avis de renvoi adress\u00e9 au parent, et a [&hellip;]<\/p>\n","protected":false},"author":1789,"featured_media":0,"comment_status":"closed","ping_status":"closed","sticky":false,"template":"","format":"standard","meta":{"fifu_image_url":"","fifu_image_alt":"","footnotes":""},"categories":[73,55],"tags":[],"class_list":["post-146189","post","type-post","status-publish","format-standard","hentry","category-actualite","category-tunisie"],"_links":{"self":[{"href":"https:\/\/linitiative.ca\/International\/wp-json\/wp\/v2\/posts\/146189","targetHints":{"allow":["GET"]}}],"collection":[{"href":"https:\/\/linitiative.ca\/International\/wp-json\/wp\/v2\/posts"}],"about":[{"href":"https:\/\/linitiative.ca\/International\/wp-json\/wp\/v2\/types\/post"}],"author":[{"embeddable":true,"href":"https:\/\/linitiative.ca\/International\/wp-json\/wp\/v2\/users\/1789"}],"replies":[{"embeddable":true,"href":"https:\/\/linitiative.ca\/International\/wp-json\/wp\/v2\/comments?post=146189"}],"version-history":[{"count":0,"href":"https:\/\/linitiative.ca\/International\/wp-json\/wp\/v2\/posts\/146189\/revisions"}],"wp:attachment":[{"href":"https:\/\/linitiative.ca\/International\/wp-json\/wp\/v2\/media?parent=146189"}],"wp:term":[{"taxonomy":"category","embeddable":true,"href":"https:\/\/linitiative.ca\/International\/wp-json\/wp\/v2\/categories?post=146189"},{"taxonomy":"post_tag","embeddable":true,"href":"https:\/\/linitiative.ca\/International\/wp-json\/wp\/v2\/tags?post=146189"}],"curies":[{"name":"wp","href":"https:\/\/api.w.org\/{rel}","templated":true}]}}