{"id":146193,"date":"2022-04-23T17:17:21","date_gmt":"2022-04-23T21:17:21","guid":{"rendered":"https:\/\/linitiative.ca\/International\/tunisie-afak-tounes-rejette-le-decret-presidentiel-relatif-a-linstance-electorale\/"},"modified":"2022-04-23T17:17:21","modified_gmt":"2022-04-23T21:17:21","slug":"tunisie-afak-tounes-rejette-le-decret-presidentiel-relatif-a-linstance-electorale","status":"publish","type":"post","link":"https:\/\/linitiative.ca\/International\/tunisie-afak-tounes-rejette-le-decret-presidentiel-relatif-a-linstance-electorale\/","title":{"rendered":"Tunisie : Afak Tounes rejette le d\u00e9cret pr\u00e9sidentiel relatif \u00e0 l\u2019instance \u00e9lectorale"},"content":{"rendered":"<div>\n<p>Le parti Afak Tounes a annonc\u00e9 ce samedi soir, son rejet cat\u00e9gorique du d\u00e9cret pr\u00e9sidentiel modifiant la loi organique de l\u2019Instance Sup\u00e9rieure Ind\u00e9pendante pour les Elections-ISIE, et d\u2019un autre d\u00e9cret relatif aux dites \u00ab soci\u00e9t\u00e9s civiles r\u00e9gionales et locales \u00bb. Le parti a estim\u00e9 que ce \u00ab d\u00e9cret autoritaire et unilat\u00e9ral, porte atteinte \u00e0 l\u2019ind\u00e9pendance [\u2026]<\/p>\n<p>L\u2019article <a href=\"https:\/\/www.tunisienumerique.com\/tunisie-afak-tounes-rejette-le-decret-presidentiel-relatif-a-linstance-electorale\/\">Tunisie : Afak Tounes rejette le d\u00e9cret pr\u00e9sidentiel relatif \u00e0 l\u2019instance \u00e9lectorale<\/a> est apparu en premier sur <a href=\"https:\/\/www.tunisienumerique.com\/\">Tunisie<\/a>.<\/p>\n<\/div>\n<p>Auteur: rania ben slimane<br \/>\n<a href=\"https:\/\/www.tunisienumerique.com\/tunisie-afak-tounes-rejette-le-decret-presidentiel-relatif-a-linstance-electorale\/\">Cliquez ici pour lire l&rsquo;article depuis sa source.<\/a><\/p>\n","protected":false},"excerpt":{"rendered":"<p>Le parti Afak Tounes a annonc\u00e9 ce samedi soir, son rejet cat\u00e9gorique du d\u00e9cret pr\u00e9sidentiel modifiant la loi organique de l\u2019Instance Sup\u00e9rieure Ind\u00e9pendante pour les Elections-ISIE, et d\u2019un autre d\u00e9cret relatif aux dites \u00ab soci\u00e9t\u00e9s civiles r\u00e9gionales et locales \u00bb. Le parti a estim\u00e9 que ce \u00ab d\u00e9cret autoritaire et unilat\u00e9ral, porte atteinte \u00e0 l\u2019ind\u00e9pendance [&hellip;]<\/p>\n","protected":false},"author":1789,"featured_media":0,"comment_status":"closed","ping_status":"closed","sticky":false,"template":"","format":"standard","meta":{"fifu_image_url":"","fifu_image_alt":"","footnotes":""},"categories":[73,55],"tags":[],"class_list":["post-146193","post","type-post","status-publish","format-standard","hentry","category-actualite","category-tunisie"],"_links":{"self":[{"href":"https:\/\/linitiative.ca\/International\/wp-json\/wp\/v2\/posts\/146193","targetHints":{"allow":["GET"]}}],"collection":[{"href":"https:\/\/linitiative.ca\/International\/wp-json\/wp\/v2\/posts"}],"about":[{"href":"https:\/\/linitiative.ca\/International\/wp-json\/wp\/v2\/types\/post"}],"author":[{"embeddable":true,"href":"https:\/\/linitiative.ca\/International\/wp-json\/wp\/v2\/users\/1789"}],"replies":[{"embeddable":true,"href":"https:\/\/linitiative.ca\/International\/wp-json\/wp\/v2\/comments?post=146193"}],"version-history":[{"count":0,"href":"https:\/\/linitiative.ca\/International\/wp-json\/wp\/v2\/posts\/146193\/revisions"}],"wp:attachment":[{"href":"https:\/\/linitiative.ca\/International\/wp-json\/wp\/v2\/media?parent=146193"}],"wp:term":[{"taxonomy":"category","embeddable":true,"href":"https:\/\/linitiative.ca\/International\/wp-json\/wp\/v2\/categories?post=146193"},{"taxonomy":"post_tag","embeddable":true,"href":"https:\/\/linitiative.ca\/International\/wp-json\/wp\/v2\/tags?post=146193"}],"curies":[{"name":"wp","href":"https:\/\/api.w.org\/{rel}","templated":true}]}}