{"id":146196,"date":"2022-04-23T13:32:54","date_gmt":"2022-04-23T17:32:54","guid":{"rendered":"https:\/\/linitiative.ca\/International\/cameroun-amenagement-de-la-voirie-routiere-de-ngaoundere\/"},"modified":"2022-04-23T13:32:54","modified_gmt":"2022-04-23T17:32:54","slug":"cameroun-amenagement-de-la-voirie-routiere-de-ngaoundere","status":"publish","type":"post","link":"https:\/\/linitiative.ca\/International\/cameroun-amenagement-de-la-voirie-routiere-de-ngaoundere\/","title":{"rendered":"Cameroun : am\u00e9nagement de la voirie routi\u00e8re de Ngaound\u00e9r\u00e9"},"content":{"rendered":"<div>\n<p><img decoding=\"async\" width=\"960\" height=\"460\" src=\"https:\/\/linitiative.ca\/International\/wp-content\/uploads\/sites\/23\/2022\/04\/normal_cged8f5.jpg\" class=\"attachment-post-thumbnail size-post-thumbnail wp-post-image\" alt=\"\" loading=\"lazy\" srcset=\"https:\/\/linitiative.ca\/International\/wp-content\/uploads\/sites\/23\/2022\/04\/normal_cged8f5.jpg 960w, https:\/\/www.journalducameroun.com\/wp-content\/uploads\/2022\/04\/normal_cged8f5-300x144.jpg 300w, https:\/\/www.journalducameroun.com\/wp-content\/uploads\/2022\/04\/normal_cged8f5-768x368.jpg 768w, https:\/\/www.journalducameroun.com\/wp-content\/uploads\/2022\/04\/normal_cged8f5-918x440.jpg 918w, https:\/\/www.journalducameroun.com\/wp-content\/uploads\/2022\/04\/normal_cged8f5-600x288.jpg 600w\" sizes=\"auto, (max-width: 960px) 100vw, 960px\"><\/p>\n<h2 style=\"text-align: justify;\">L&rsquo;initiative r\u00e9pond au programme de d\u00e9veloppement des villes inclusives et r\u00e9silientes. Un projet que est men\u00e9 par le ministre Ketcha Courtes charg\u00e9 du d\u00e9veloppement urbain.<\/h2>\n<p style=\"text-align: justify;\">La ville <strong>Ngaound\u00e9r\u00e9<\/strong> dans la r\u00e9gion de l&rsquo;Adamaoua va bient\u00f4t s&rsquo;afficher sous ses plus beaux jours. Cela passera par un am\u00e9nagement de la ville, au niveau du r\u00e9seau routier.<\/p>\n<p style=\"text-align: justify;\">Dans le cadre du programme de d\u00e9veloppement des villes inclusives et r\u00e9silientes, le minist\u00e8re de l&rsquo;Habitat et du d\u00e9veloppement urbain entend bitumer sept tron\u00e7ons de routes \u00e0 <strong>Ngaound\u00e9r\u00e9<\/strong>. Des travaux qui sont partis pour durer 15 mois.<\/p>\n<p style=\"text-align: justify;\">Ces tron\u00e7ons sont ceux du Carrefour Gare banane-carrefour Djalingo; Carrefour Djalingo-Carrefour Djalingo- carrefour Gada 1; Carrefour march\u00e9 intersection nationale N\u00b01; Carrefour march\u00e9-carrefour Modibo et Carrefour Modibo-carrefour mairie.<\/p>\n<p style=\"text-align: justify;\">Et ces routes qui vont couvrir deux quartiers (Gada mabanga et Djalingo), ont un lin\u00e9aire de 6,3km.<\/p>\n<p style=\"text-align: justify;\">Les travaux qui seront r\u00e9alis\u00e9s par l&rsquo;entreprise China State Construction Engineering sont estim\u00e9s \u00e0 pr\u00e8s de 3,7 milliards FCFA.<\/p>\n<p style=\"text-align: justify;\">Pour s&rsquo;assurer de la bonne tenue des choses, <strong>le ministre Ketcha Courtes<\/strong> s&rsquo;est rendue sur le chantier \u00e0 <strong>Ngaound\u00e9r\u00e9<\/strong> afin d&rsquo;\u00e9valuer la qualit\u00e9 des travaux r\u00e9alis\u00e9s. Mais \u00e9galement, donner des orientations en vue de l&rsquo;am\u00e9lioration de la cadence d&rsquo;ex\u00e9cution des prestations pour les voir achever dans le d\u00e9lai contractuel.<\/p>\n<p style=\"text-align: justify;\">La route sera en 2\u00d71 voies avec une couche de roulement qui est faite en b\u00e9ton bitumineux de 5cm d&rsquo;\u00e9paisseur, une chauss\u00e9e de 7 m\u00e8tres avec un trottoir de 1,50 m\u00e8tres.<br \/>\nA c\u00f4t\u00e9, il est pr\u00e9vu l&rsquo;\u00e9clairage public.<\/p>\n<p>Cet article <a rel=\"nofollow\" href=\"https:\/\/www.journalducameroun.com\/cameroun-amenagement-de-la-voirie-routiere-de-ngaoundere\/\">Cameroun : am\u00e9nagement de la voirie routi\u00e8re de Ngaound\u00e9r\u00e9<\/a> est apparu en premier sur <a rel=\"nofollow\" href=\"https:\/\/www.journalducameroun.com\/\">Journal du Cameroun<\/a>.<\/p>\n<\/div>\n<p>Auteur: Paul Wandji<br \/>\n<a href=\"https:\/\/www.journalducameroun.com\/cameroun-amenagement-de-la-voirie-routiere-de-ngaoundere\/\">Cliquez ici pour lire l&rsquo;article depuis sa source.<\/a><\/p>\n","protected":false},"excerpt":{"rendered":"<p>L&rsquo;initiative r\u00e9pond au programme de d\u00e9veloppement des villes inclusives et r\u00e9silientes. Un projet que est men\u00e9 par le ministre Ketcha Courtes charg\u00e9 du d\u00e9veloppement urbain. La ville Ngaound\u00e9r\u00e9 dans la r\u00e9gion de l&rsquo;Adamaoua va bient\u00f4t s&rsquo;afficher sous ses plus beaux jours. Cela passera par un am\u00e9nagement de la ville, au niveau du r\u00e9seau routier. Dans [&hellip;]<\/p>\n","protected":false},"author":1965,"featured_media":0,"comment_status":"closed","ping_status":"closed","sticky":false,"template":"","format":"standard","meta":{"fifu_image_url":"https:\/\/www.journalducameroun.com\/wp-content\/uploads\/2022\/04\/normal_cged8f5.jpg","fifu_image_alt":"Cameroun : am\u00e9nagement de la voirie routi\u00e8re de Ngaound\u00e9r\u00e9","footnotes":""},"categories":[73,82],"tags":[],"class_list":["post-146196","post","type-post","status-publish","format-standard","hentry","category-actualite","category-cameroun"],"_links":{"self":[{"href":"https:\/\/linitiative.ca\/International\/wp-json\/wp\/v2\/posts\/146196","targetHints":{"allow":["GET"]}}],"collection":[{"href":"https:\/\/linitiative.ca\/International\/wp-json\/wp\/v2\/posts"}],"about":[{"href":"https:\/\/linitiative.ca\/International\/wp-json\/wp\/v2\/types\/post"}],"author":[{"embeddable":true,"href":"https:\/\/linitiative.ca\/International\/wp-json\/wp\/v2\/users\/1965"}],"replies":[{"embeddable":true,"href":"https:\/\/linitiative.ca\/International\/wp-json\/wp\/v2\/comments?post=146196"}],"version-history":[{"count":0,"href":"https:\/\/linitiative.ca\/International\/wp-json\/wp\/v2\/posts\/146196\/revisions"}],"wp:attachment":[{"href":"https:\/\/linitiative.ca\/International\/wp-json\/wp\/v2\/media?parent=146196"}],"wp:term":[{"taxonomy":"category","embeddable":true,"href":"https:\/\/linitiative.ca\/International\/wp-json\/wp\/v2\/categories?post=146196"},{"taxonomy":"post_tag","embeddable":true,"href":"https:\/\/linitiative.ca\/International\/wp-json\/wp\/v2\/tags?post=146196"}],"curies":[{"name":"wp","href":"https:\/\/api.w.org\/{rel}","templated":true}]}}