{"id":146200,"date":"2022-04-23T15:18:04","date_gmt":"2022-04-23T19:18:04","guid":{"rendered":"https:\/\/linitiative.ca\/International\/le-president-de-la-federation-gabonaise-de-football-place-en-garde-a-vue\/"},"modified":"2022-04-23T15:18:04","modified_gmt":"2022-04-23T19:18:04","slug":"le-president-de-la-federation-gabonaise-de-football-place-en-garde-a-vue","status":"publish","type":"post","link":"https:\/\/linitiative.ca\/International\/le-president-de-la-federation-gabonaise-de-football-place-en-garde-a-vue\/","title":{"rendered":"Le pr\u00e9sident de la F\u00e9d\u00e9ration gabonaise de football plac\u00e9 en garde \u00e0 vue"},"content":{"rendered":"<div>\n<p><img decoding=\"async\" width=\"920\" height=\"460\" src=\"https:\/\/linitiative.ca\/International\/wp-content\/uploads\/sites\/23\/2022\/04\/16507414848544.jpg\" class=\"attachment-post-thumbnail size-post-thumbnail wp-post-image\" alt=\"\" loading=\"lazy\" srcset=\"https:\/\/linitiative.ca\/International\/wp-content\/uploads\/sites\/23\/2022\/04\/16507414848544.jpg 920w, https:\/\/www.journalducameroun.com\/wp-content\/uploads\/2022\/04\/16507414848544-300x150.jpg 300w, https:\/\/www.journalducameroun.com\/wp-content\/uploads\/2022\/04\/16507414848544-768x384.jpg 768w, https:\/\/www.journalducameroun.com\/wp-content\/uploads\/2022\/04\/16507414848544-880x440.jpg 880w, https:\/\/www.journalducameroun.com\/wp-content\/uploads\/2022\/04\/16507414848544-600x300.jpg 600w\" sizes=\"auto, (max-width: 920px) 100vw, 920px\"><\/p>\n<p>Le pr\u00e9sident de la F\u00e9d\u00e9ration gabonaise de football (Fegafoot), Pierre-Alain Mounguengui, a \u00e9t\u00e9 plac\u00e9, jeudi, en garde \u00e0 vue \u00e0 Libreville dans le cadre d&rsquo;une enqu\u00eate pour non d\u00e9nonciation d&rsquo;agressions sexuelles pr\u00e9sum\u00e9es de centaines d&rsquo;enfants, selon un haut responsable de la Fegafoot et des m\u00e9dias.Pierre-Alain Mounguengui \u00ab\u00a0est plac\u00e9 depuis jeudi en garde \u00e0 vue dans le cadre de l&rsquo;affaire d&rsquo;abus sexuels pour non d\u00e9nonciation\u00a0\u00bb, a d\u00e9clar\u00e9 ce haut responsable de la Fegafoot, cit\u00e9 par des m\u00e9dias.<\/p>\n<p>\u00ab\u00a0Il est accus\u00e9 d&rsquo;avoir couvert les agressions pr\u00e9sum\u00e9es commises par Patrick Assoumou Eyi\u00a0\u00bb, ancien entra\u00eeneur gabonais de football de l&rsquo;\u00e9quipe nationale des moins de 17 ans, selon des m\u00e9dias.<\/p>\n<p>L&rsquo;agence gabonaise de presse AGP a rapport\u00e9 que le pr\u00e9sident de la Fegafoot a pass\u00e9 la nuit de jeudi \u00e0 vendredi dans les locaux de la Direction g\u00e9n\u00e9rale des Contre-Ing\u00e9rences et de la S\u00e9curit\u00e9 militaire couramment appel\u00e9 B2, \u00ab\u00a0pour les besoins d&rsquo;enqu\u00eate\u00a0\u00bb.<\/p>\n<p>\u00ab\u00a0Le pr\u00e9sident a bel et bien donn\u00e9 sa version sur les faits qui lui sont reproch\u00e9s. Apr\u00e8s son audition et la signature du proc\u00e8s-verbal, il \u00e9tait question que ce dernier regagne son domicile. Mais contre tout attente, l&rsquo;agent en charge du dossier a d\u00e9cid\u00e9 de le placer en garde \u00e0 vue pour les besoins d&rsquo;enqu\u00eate\u00a0\u00bb, a indiqu\u00e9 une source f\u00e9d\u00e9rale.<\/p>\n<p>La convocation du pr\u00e9sident de la Fegafoot, Pierre Alain Mounguengui faisait suite \u00e0 la sortie de l&rsquo;ex-international gabonais, Parfait Ndong, lequel accusait Pierre Alain Mounguengui de n&rsquo;avoir pas suffisamment eu une oreille attentive lorsque ce dernier lui faisait \u00e9tat d&rsquo;un certain nombre d&rsquo;agissements des coaches et encadreurs vis-\u00e0-vis des jeunes joueurs.<\/p>\n<p>Cet article <a rel=\"nofollow\" href=\"https:\/\/www.journalducameroun.com\/le-president-de-la-federation-gabonaise-de-football-place-en-garde-a-vue\/\">Le pr\u00e9sident de la F\u00e9d\u00e9ration gabonaise de football plac\u00e9 en garde \u00e0 vue<\/a> est apparu en premier sur <a rel=\"nofollow\" href=\"https:\/\/www.journalducameroun.com\/\">Journal du Cameroun<\/a>.<\/p>\n<\/div>\n<p>Auteur: APA News<br \/>\n<a href=\"https:\/\/www.journalducameroun.com\/le-president-de-la-federation-gabonaise-de-football-place-en-garde-a-vue\/\">Cliquez ici pour lire l&rsquo;article depuis sa source.<\/a><\/p>\n","protected":false},"excerpt":{"rendered":"<p>Le pr\u00e9sident de la F\u00e9d\u00e9ration gabonaise de football (Fegafoot), Pierre-Alain Mounguengui, a \u00e9t\u00e9 plac\u00e9, jeudi, en garde \u00e0 vue \u00e0 Libreville dans le cadre d&rsquo;une enqu\u00eate pour non d\u00e9nonciation d&rsquo;agressions sexuelles pr\u00e9sum\u00e9es de centaines d&rsquo;enfants, selon un haut responsable de la Fegafoot et des m\u00e9dias.Pierre-Alain Mounguengui \u00ab\u00a0est plac\u00e9 depuis jeudi en garde \u00e0 vue dans [&hellip;]<\/p>\n","protected":false},"author":1965,"featured_media":0,"comment_status":"closed","ping_status":"closed","sticky":false,"template":"","format":"standard","meta":{"fifu_image_url":"https:\/\/www.journalducameroun.com\/wp-content\/uploads\/2022\/04\/16507414848544.jpg","fifu_image_alt":"Le pr\u00e9sident de la F\u00e9d\u00e9ration gabonaise de football plac\u00e9 en garde \u00e0 vue","footnotes":""},"categories":[73,82],"tags":[],"class_list":["post-146200","post","type-post","status-publish","format-standard","hentry","category-actualite","category-cameroun"],"_links":{"self":[{"href":"https:\/\/linitiative.ca\/International\/wp-json\/wp\/v2\/posts\/146200","targetHints":{"allow":["GET"]}}],"collection":[{"href":"https:\/\/linitiative.ca\/International\/wp-json\/wp\/v2\/posts"}],"about":[{"href":"https:\/\/linitiative.ca\/International\/wp-json\/wp\/v2\/types\/post"}],"author":[{"embeddable":true,"href":"https:\/\/linitiative.ca\/International\/wp-json\/wp\/v2\/users\/1965"}],"replies":[{"embeddable":true,"href":"https:\/\/linitiative.ca\/International\/wp-json\/wp\/v2\/comments?post=146200"}],"version-history":[{"count":0,"href":"https:\/\/linitiative.ca\/International\/wp-json\/wp\/v2\/posts\/146200\/revisions"}],"wp:attachment":[{"href":"https:\/\/linitiative.ca\/International\/wp-json\/wp\/v2\/media?parent=146200"}],"wp:term":[{"taxonomy":"category","embeddable":true,"href":"https:\/\/linitiative.ca\/International\/wp-json\/wp\/v2\/categories?post=146200"},{"taxonomy":"post_tag","embeddable":true,"href":"https:\/\/linitiative.ca\/International\/wp-json\/wp\/v2\/tags?post=146200"}],"curies":[{"name":"wp","href":"https:\/\/api.w.org\/{rel}","templated":true}]}}