{"id":146202,"date":"2022-04-23T17:18:03","date_gmt":"2022-04-23T21:18:03","guid":{"rendered":"https:\/\/linitiative.ca\/International\/niger-bazoum-retouche-son-gouvernement\/"},"modified":"2022-04-23T17:18:03","modified_gmt":"2022-04-23T21:18:03","slug":"niger-bazoum-retouche-son-gouvernement","status":"publish","type":"post","link":"https:\/\/linitiative.ca\/International\/niger-bazoum-retouche-son-gouvernement\/","title":{"rendered":"Niger: Bazoum retouche son gouvernement"},"content":{"rendered":"<div>\n<p><img decoding=\"async\" width=\"768\" height=\"1024\" src=\"https:\/\/linitiative.ca\/International\/wp-content\/uploads\/sites\/23\/2022\/04\/16507486831000.jpg\" class=\"attachment-post-thumbnail size-post-thumbnail wp-post-image\" alt=\"\" loading=\"lazy\" srcset=\"https:\/\/linitiative.ca\/International\/wp-content\/uploads\/sites\/23\/2022\/04\/16507486831000.jpg 768w, https:\/\/www.journalducameroun.com\/wp-content\/uploads\/2022\/04\/16507486831000-225x300.jpg 225w, https:\/\/www.journalducameroun.com\/wp-content\/uploads\/2022\/04\/16507486831000-330x440.jpg 330w, https:\/\/www.journalducameroun.com\/wp-content\/uploads\/2022\/04\/16507486831000-600x800.jpg 600w\" sizes=\"auto, (max-width: 768px) 100vw, 768px\"><\/p>\n<p>Quatre nouveaux ministres ont \u00e9t\u00e9 nomm\u00e9s samedi.Mohamed Bazoum r\u00e9ajuste l\u00e9g\u00e8rement son gouvernement en nommant quatre nouveaux ministres samedi 23 avril dont deux opposants fra\u00eechement ralli\u00e9s \u00e0 la majorit\u00e9 pr\u00e9sidentielle: \u00a0Yacoubou Ibrahim qui devient ministre d&rsquo;\u00c9tat avec le portefeuille de l&rsquo;\u00c9nergie et des \u00c9nergies renouvelables et Mahamadou Laouali Dan Dano qui est d\u00e9sign\u00e9 ministre de Communication, charg\u00e9 des relations avec les institutions \u00e0 la place de Mahamadou Zada, emprisonn\u00e9 en d\u00e9but de semaine pour \u00abd\u00e9tournement de fonds publics\u00bb pr\u00e9sum\u00e9.\u00a0<\/p>\n<p>Ibrahim Yacoubou, \u00e2g\u00e9 de 50 ans, est un ancien directeur-adjoint de cabinet \u00e0 la pr\u00e9sidence du temps o\u00f9 le Niger \u00e9tait dirig\u00e9 par le pr\u00e9sident Mahamadou Issoufou auquel Mohamed Bazoum a succ\u00e9d\u00e9 l&rsquo;ann\u00e9e derni\u00e8re.\u00a0<\/p>\n<p>Soup\u00e7onn\u00e9 de vouloir prendre le contr\u00f4le du parti pr\u00e9sidentiel, PNDS (Parti nig\u00e9rien pour la d\u00e9mocratie et le socialisme), il en avait \u00e9t\u00e9 exclu en 2015 et d\u00e9mis de ses fonctions \u00e0 la pr\u00e9sidence.\u00a0<\/p>\n<p>A la t\u00eate de son propre parti le Mouvement patriotique nig\u00e9rien (MPN), il s&rsquo;\u00e9tait lanc\u00e9 \u00e0 la conqu\u00eate du pouvoir lors de la pr\u00e9sidentielle de 2016. Mais il avait \u00e9t\u00e9 recal\u00e9 avec un score de 4,43% des voix seulement. Apr\u00e8s avoir appel\u00e9 ses partisans \u00e0 voter au second tour en faveur du pr\u00e9sident Issoufou, ce dernier l&rsquo;avait ensuite r\u00e9compens\u00e9 \u00a0en le nommant au poste prestigieux de ministre des Affaires \u00e9trang\u00e8res. Limog\u00e9 deux ans apr\u00e8s, Il tente une nouvelle fois de briguer les suffrages de ses compatriotes en 2021, cette fois contre Mohamed Bazoum, compagnon et dauphin politique du pr\u00e9sident Issoufou. Avec 5.38% au premier tour, Yacoubou Ibrahim avait alors pr\u00e9f\u00e9r\u00e9 soutenir \u00a0l&rsquo;opposant et ex-pr\u00e9sident Mahamane Ousmane (1993-1996) au d\u00e9triment de Mohamed Bazoum, finalement \u00e9lu.\u00a0<\/p>\n<p>L&rsquo;entr\u00e9e de Yacoubou Ibrahim samedi au gouvernement du pr\u00e9sident Bazoum, ainsi que celle de Laouali Dan Dano, \u00e9galement membre du MPN (6 d\u00e9put\u00e9s \u00e0 l&rsquo;Assembl\u00e9e nationale), intervient une semaine apr\u00e8s la d\u00e9cision de son parti de quitter l&rsquo;opposition pour rallier la majorit\u00e9 pr\u00e9sidentielle.\u00a0<\/p>\n<p>Selon un communiqu\u00e9 du secr\u00e9tariat g\u00e9n\u00e9ral du gouvernement lu \u00e0 la radio nationale, deux autres ministres ont \u00e9galement \u00e9t\u00e9 nomm\u00e9s: Ibrahim Natatou \u00e0 l&rsquo;Education nationale et \u00a0Tchousso Ramatou Oumarou Tchian au minist\u00e8re d\u00e9l\u00e9gu\u00e9e aupr\u00e8s du ministre des Finances.<\/p>\n<p>Cet article <a rel=\"nofollow\" href=\"https:\/\/www.journalducameroun.com\/niger-bazoum-retouche-son-gouvernement\/\">Niger: Bazoum retouche son gouvernement<\/a> est apparu en premier sur <a rel=\"nofollow\" href=\"https:\/\/www.journalducameroun.com\/\">Journal du Cameroun<\/a>.<\/p>\n<\/div>\n<p>Auteur: APA News<br \/>\n<a href=\"https:\/\/www.journalducameroun.com\/niger-bazoum-retouche-son-gouvernement\/\">Cliquez ici pour lire l&rsquo;article depuis sa source.<\/a><\/p>\n","protected":false},"excerpt":{"rendered":"<p>Quatre nouveaux ministres ont \u00e9t\u00e9 nomm\u00e9s samedi.Mohamed Bazoum r\u00e9ajuste l\u00e9g\u00e8rement son gouvernement en nommant quatre nouveaux ministres samedi 23 avril dont deux opposants fra\u00eechement ralli\u00e9s \u00e0 la majorit\u00e9 pr\u00e9sidentielle: \u00a0Yacoubou Ibrahim qui devient ministre d&rsquo;\u00c9tat avec le portefeuille de l&rsquo;\u00c9nergie et des \u00c9nergies renouvelables et Mahamadou Laouali Dan Dano qui est d\u00e9sign\u00e9 ministre de Communication, [&hellip;]<\/p>\n","protected":false},"author":1965,"featured_media":0,"comment_status":"closed","ping_status":"closed","sticky":false,"template":"","format":"standard","meta":{"fifu_image_url":"https:\/\/www.journalducameroun.com\/wp-content\/uploads\/2022\/04\/16507486831000.jpg","fifu_image_alt":"Niger: Bazoum retouche son gouvernement","footnotes":""},"categories":[73,82],"tags":[],"class_list":["post-146202","post","type-post","status-publish","format-standard","hentry","category-actualite","category-cameroun"],"_links":{"self":[{"href":"https:\/\/linitiative.ca\/International\/wp-json\/wp\/v2\/posts\/146202","targetHints":{"allow":["GET"]}}],"collection":[{"href":"https:\/\/linitiative.ca\/International\/wp-json\/wp\/v2\/posts"}],"about":[{"href":"https:\/\/linitiative.ca\/International\/wp-json\/wp\/v2\/types\/post"}],"author":[{"embeddable":true,"href":"https:\/\/linitiative.ca\/International\/wp-json\/wp\/v2\/users\/1965"}],"replies":[{"embeddable":true,"href":"https:\/\/linitiative.ca\/International\/wp-json\/wp\/v2\/comments?post=146202"}],"version-history":[{"count":0,"href":"https:\/\/linitiative.ca\/International\/wp-json\/wp\/v2\/posts\/146202\/revisions"}],"wp:attachment":[{"href":"https:\/\/linitiative.ca\/International\/wp-json\/wp\/v2\/media?parent=146202"}],"wp:term":[{"taxonomy":"category","embeddable":true,"href":"https:\/\/linitiative.ca\/International\/wp-json\/wp\/v2\/categories?post=146202"},{"taxonomy":"post_tag","embeddable":true,"href":"https:\/\/linitiative.ca\/International\/wp-json\/wp\/v2\/tags?post=146202"}],"curies":[{"name":"wp","href":"https:\/\/api.w.org\/{rel}","templated":true}]}}