{"id":146206,"date":"2022-04-23T11:21:34","date_gmt":"2022-04-23T15:21:34","guid":{"rendered":"https:\/\/linitiative.ca\/International\/region-de-lest-la-livraison-du-centre-commercial-dabong-mbang-envisagee-pour-aout-2022\/"},"modified":"2022-04-23T11:21:34","modified_gmt":"2022-04-23T15:21:34","slug":"region-de-lest-la-livraison-du-centre-commercial-dabong-mbang-envisagee-pour-aout-2022","status":"publish","type":"post","link":"https:\/\/linitiative.ca\/International\/region-de-lest-la-livraison-du-centre-commercial-dabong-mbang-envisagee-pour-aout-2022\/","title":{"rendered":"R\u00e9gion de l\u2019Est\u00a0: la livraison du centre commercial d\u2019Abong-Mbang envisag\u00e9e pour ao\u00fbt 2022"},"content":{"rendered":"<div>\n<p>La construction du complexe commercial d\u2019Abong-Mbang, dans la r\u00e9gion de l\u2019Est Cameroun, poursuit son bout de chemin. \u00ab\u00a0Les travaux de l\u2019ouvrage implant\u00e9 sur un site de 1,5ha, sont d\u00e9j\u00e0 \u00e0 plus de 50% de r\u00e9alisation\u00a0\u00bb, a laiss\u00e9 entendre le Directeur g\u00e9n\u00e9ral du Fonds sp\u00e9cial d\u2019\u00e9quipements et d\u2019intervention intercommunale (Feicom), Philippe Camille Akoa, \u00e0 la suite d\u2019une visite de chantier effectu\u00e9e le 13 avril dernier.<\/p>\n<p><strong>Lire aussi : <a href=\"https:\/\/ecomatin.net\/le-feicom-debloque-65-millions-de-f-pour-r-le-developpement-de-lelevage-et-de-la-peche-dans-les-communes\/\" target=\"_blank\" rel=\"noreferrer noopener\">Le Feicom d\u00e9bloque 65 millions de F pour le d\u00e9veloppement de l\u2019\u00e9levage et de la p\u00eache dans les communes<\/a><\/strong><\/p>\n<p>Dans le d\u00e9tail de la communication effectu\u00e9e par le top management de cette structure l\u2019on apprend que c\u2019est b\u00e2timent R+1, avec un niveau en dessous du niveau de la route qui est en cours de construction. Pour \u00eatre plus pr\u00e9cis le rez-de-chauss\u00e9e accueillera 37 boutiques, 1 patio recevant 24 \u00e9tals. L\u2019\u00e9tage 1 quant-\u00e0-lui recevra 28 boutiques. Ceci pour une enveloppe de 503,500 millions de Fcfa. Dont 476,139 millions de Fcfa pour les travaux r\u00e9alis\u00e9s par Global Trading Company (GTC) Sarl, et 26,554 millions de Fcfa pour la maitrise d\u2019\u0153uvre r\u00e9alis\u00e9e par\u00a0\u00a0ETS P.I. BTP.<\/p>\n<p><strong>Lire aussi : <a href=\"https:\/\/ecomatin.net\/139-millions-de-fcfa-du-feicom-pour-la-construction-dun-pont-a-bertoua-2eme\/\" target=\"_blank\" rel=\"noreferrer noopener\">139 millions de Fcfa du Feicom pour la construction d\u2019un pont \u00e0\u00a0Bertoua 2\u00e8me<\/a><\/strong><\/p>\n<p>Sur l\u2019\u00e9volution des travaux, selon les donn\u00e9es disponibles, l\u2019on note un avancement technique des travaux de l\u2019ordre de 56,24%, pour des un taux de consommation des d\u00e9lais de 88,75%. S\u2019agissant du taux de consommation des ressources financi\u00e8res, le volet travaux affiche 27% (1088,476 millions de Fcfa) et la maitrise d\u2019\u0153uvre 39,22% (10,414 millions de Fcfa). Au vu de ces avanc\u00e9es, il est pr\u00e9vu la livraison du chantier pour le mois d\u2019ao\u00fbt 2022.<\/p>\n<p><strong>Lire aussi : <a href=\"https:\/\/ecomatin.net\/centimes-additionnels-communaux-x-le-feicom-a-reverse-1114-milliards-fcfa-aux-communes-en-2020\/\" target=\"_blank\" rel=\"noreferrer noopener\">Centimes additionnels communaux\u00a0: le Feicom a revers\u00e9 111,4 milliards Fcfa aux communes en 2020<\/a><\/strong><\/p>\n<p>La nouvelle infrastructure marchande dont sera dot\u00e9e la localit\u00e9 d\u2019Abong-Mbang \u00abaura \u00e0 la fois un r\u00f4le de structuration urbaines et de d\u00e9veloppement \u00e9conomique local\u00a0\u00bb, indique Philippe Camille Akoa. Rappelons que cet ouvrage viendra rejoindre la multitude d\u2019infrastructures d\u00e9j\u00e0 construites par le Feicom dans la r\u00e9gion de l\u2019Est. En guise d\u2019exemple, pour l\u2019ann\u00e9e 2020, c\u2019est 16 projets qui ont \u00e9t\u00e9 financ\u00e9s dans la r\u00e9gion du soleil levant, \u00e0 hauteur de 2,932 milliards de Fcfa, soit 10,9% des parts de financements accord\u00e9s par le Feicom cette ann\u00e9e. Pour 2020, donc la r\u00e9gion de l\u2019Est a occup\u00e9 le 4<sup>e<\/sup>\u00a0rang des projets financ\u00e9s par r\u00e9gion par la banque des CTD (Collectivit\u00e9s territoriales d\u00e9centralis\u00e9es).<\/p>\n<p>L\u2019article <a rel=\"nofollow\" href=\"https:\/\/ecomatin.net\/region-de-lest-la-livraison-du-centre-commercial-dabong-mbang-envisagee-pour-aout-2022\/\">R\u00e9gion de l\u2019Est\u00a0: la livraison du centre commercial d\u2019Abong-Mbang envisag\u00e9e pour ao\u00fbt 2022<\/a> est apparu en premier sur <a rel=\"nofollow\" href=\"https:\/\/ecomatin.net\/\">EcoMatin<\/a>.<\/p>\n<\/div>\n<p>Auteur: EcoMatin<br \/>\n<a href=\"https:\/\/ecomatin.net\/region-de-lest-la-livraison-du-centre-commercial-dabong-mbang-envisagee-pour-aout-2022\/\">Cliquez ici pour lire l&rsquo;article depuis sa source.<\/a><\/p>\n","protected":false},"excerpt":{"rendered":"<p>La construction du complexe commercial d\u2019Abong-Mbang, dans la r\u00e9gion de l\u2019Est Cameroun, poursuit son bout de chemin. \u00ab\u00a0Les travaux de l\u2019ouvrage implant\u00e9 sur un site de 1,5ha, sont d\u00e9j\u00e0 \u00e0 plus de 50% de r\u00e9alisation\u00a0\u00bb, a laiss\u00e9 entendre le Directeur g\u00e9n\u00e9ral du Fonds sp\u00e9cial d\u2019\u00e9quipements et d\u2019intervention intercommunale (Feicom), Philippe Camille Akoa, \u00e0 la suite [&hellip;]<\/p>\n","protected":false},"author":1969,"featured_media":0,"comment_status":"closed","ping_status":"closed","sticky":false,"template":"","format":"standard","meta":{"fifu_image_url":"","fifu_image_alt":"","footnotes":""},"categories":[82,78],"tags":[],"class_list":["post-146206","post","type-post","status-publish","format-standard","hentry","category-cameroun","category-economie"],"_links":{"self":[{"href":"https:\/\/linitiative.ca\/International\/wp-json\/wp\/v2\/posts\/146206","targetHints":{"allow":["GET"]}}],"collection":[{"href":"https:\/\/linitiative.ca\/International\/wp-json\/wp\/v2\/posts"}],"about":[{"href":"https:\/\/linitiative.ca\/International\/wp-json\/wp\/v2\/types\/post"}],"author":[{"embeddable":true,"href":"https:\/\/linitiative.ca\/International\/wp-json\/wp\/v2\/users\/1969"}],"replies":[{"embeddable":true,"href":"https:\/\/linitiative.ca\/International\/wp-json\/wp\/v2\/comments?post=146206"}],"version-history":[{"count":0,"href":"https:\/\/linitiative.ca\/International\/wp-json\/wp\/v2\/posts\/146206\/revisions"}],"wp:attachment":[{"href":"https:\/\/linitiative.ca\/International\/wp-json\/wp\/v2\/media?parent=146206"}],"wp:term":[{"taxonomy":"category","embeddable":true,"href":"https:\/\/linitiative.ca\/International\/wp-json\/wp\/v2\/categories?post=146206"},{"taxonomy":"post_tag","embeddable":true,"href":"https:\/\/linitiative.ca\/International\/wp-json\/wp\/v2\/tags?post=146206"}],"curies":[{"name":"wp","href":"https:\/\/api.w.org\/{rel}","templated":true}]}}