{"id":146208,"date":"2022-04-24T07:00:50","date_gmt":"2022-04-24T11:00:50","guid":{"rendered":"https:\/\/linitiative.ca\/International\/souverainete-alimentaire-ce-que-recommande-le-nouveau-modele-de-developpement\/"},"modified":"2022-04-24T07:00:50","modified_gmt":"2022-04-24T11:00:50","slug":"souverainete-alimentaire-ce-que-recommande-le-nouveau-modele-de-developpement","status":"publish","type":"post","link":"https:\/\/linitiative.ca\/International\/souverainete-alimentaire-ce-que-recommande-le-nouveau-modele-de-developpement\/","title":{"rendered":"Souverainet\u00e9 alimentaire: Ce que recommande le nouveau  mod\u00e8le de d\u00e9veloppement"},"content":{"rendered":"<div>\n<p><img decoding=\"async\" width=\"300\" height=\"153\" src=\"https:\/\/linitiative.ca\/International\/wp-content\/uploads\/sites\/23\/2022\/04\/Souverainete-alimentaire-300x153-1.png\" class=\"attachment-medium size-medium wp-post-image\" alt=\"\" loading=\"lazy\" srcset=\"https:\/\/linitiative.ca\/International\/wp-content\/uploads\/sites\/23\/2022\/04\/Souverainete-alimentaire-300x153-1.png 300w, https:\/\/aujourdhui.ma\/wp-content\/uploads\/2022\/04\/Souverainete-alimentaire-274x140.png 274w, https:\/\/aujourdhui.ma\/wp-content\/uploads\/2022\/04\/Souverainete-alimentaire.png 746w, https:\/\/aujourdhui.ma\/wp-content\/uploads\/2022\/04\/Souverainete-alimentaire-165x84.png 165w, https:\/\/aujourdhui.ma\/wp-content\/uploads\/2022\/04\/Souverainete-alimentaire-702x358.png 702w\" sizes=\"auto, (max-width: 300px) 100vw, 300px\"><\/p>\n<p><span style=\"color: #800000;\"><strong>La consolidation des bases d\u2019une souverainet\u00e9 alimentaire passe par le renforcement de la recherche et le d\u00e9veloppement de l\u2019innovation dans le domaine agricole et agro-industriel.<\/strong><\/span><span id=\"more-405986\"><\/span><\/p>\n<p>L\u2019id\u00e9e \u00e9tant d\u2019adopter des approches de recherche-action fortement ancr\u00e9es dans les territoires et de veiller \u00e0 la diffusion des savoirs et des proc\u00e9d\u00e9s techniques au profit des acteurs du secteur agricole. Cette orientation figure parmi les recommandations de la Commission sp\u00e9ciale sur le nouveau mod\u00e8le de d\u00e9veloppement. La commission plaide en effet sur la maximisation des retomb\u00e9es de la strat\u00e9gie agricole sur le d\u00e9veloppement des territoires ainsi que la prise en compte des imp\u00e9ratifs de souverainet\u00e9 alimentaire du pays dans les choix actuels et futurs en mati\u00e8re de mise en \u0153uvre des politiques publiques d\u00e9di\u00e9es \u00e0 ce secteur. Un objectif qui devrait \u00eatre port\u00e9 par une agriculture moderne, responsable et \u00e0 forte valeur ajout\u00e9e. \u00ab L\u2019accent devra \u00eatre mis sur les sujets \u00e0 plus forts enjeux pour l\u2019amont agricole et la s\u00e9curit\u00e9 alimentaire, tels qu\u2019 \u00e0 titre d\u2019exemples la r\u00e9silience climatique et hydrique, la pr\u00e9servation et l\u2019am\u00e9lioration des vari\u00e9t\u00e9s locales \u00bb, apprend-on dans ce sens .<\/p>\n<p>Se r\u00e9f\u00e9rant au rapport sur le Nouveau mod\u00e8le de d\u00e9veloppement, la recherche et l\u2019innovation devraient cibler \u00e9galement les th\u00e9matiques relatives \u00e0 la transformation agroalimentaire. Parmi les recommandations \u00e9mises dans ce sens figurent \u00e9galement l\u2019encouragement et la territorialisation de la formation sup\u00e9rieure et la formation professionnelle dans les m\u00e9tiers connexes \u00e0 l\u2019agriculture et l\u2019agro-industrie, d\u2019o\u00f9 l\u2019int\u00e9r\u00eat de capitaliser sur les \u00e9tablissements existants et sur les Cit\u00e9s des M\u00e9tiers et des comp\u00e9tences. L\u2019atteinte de l\u2019objectif de la souverainet\u00e9 alimentaire est tributaire \u00e9galement d\u2019une gouvernance plus syst\u00e9mique et coordonn\u00e9e dans les territoires. \u00abLa modernisation et la sophistication du secteur agroalimentaire dans son ensemble de l\u2019amont \u00e0 l\u2019aval et la gestion de ses multiples enjeux fortement interd\u00e9pendants font appel \u00e0 l\u2019intervention d\u2019un nombre \u00e9lev\u00e9 de d\u00e9partements\u00bb, retient-on dans ce sens.<\/p>\n<p>Et de pr\u00e9ciser que \u00abrelever le d\u00e9fi complexe de la souverainet\u00e9 alimentaire exigera davantage de coordination strat\u00e9gique et op\u00e9rationnelle, notamment au niveau des territoires\u00bb. Il est \u00e9galement pr\u00e9conis\u00e9 d\u2019accro\u00eetre la valorisation locale de la production agricole. \u00abTout en consolidant le d\u00e9veloppement de l\u2019amont agricole, il para\u00eet urgent et opportun de renforcer les objectifs de d\u00e9veloppement de l\u2019agro-industrie et d\u2019int\u00e9gration pleine des cha\u00eenes de valeur agricole, sources de valeur ajout\u00e9e locale et de cr\u00e9ation d\u2019emplois d\u00e9cents\u00bb, peut-on lire du rapport sur le nouveau mod\u00e8le de d\u00e9veloppement. Et de poursuivre que \u00abcette valorisation passera par le renforcement de la compl\u00e9mentarit\u00e9 et de l\u2019int\u00e9gration entre op\u00e9rateurs de l\u2019amont et de l\u2019aval, de toutes tailles, en veillant au d\u00e9veloppement de leurs capacit\u00e9s, notamment \u00e0 travers des mod\u00e8les coop\u00e9ratifs et d\u2019agr\u00e9gation adapt\u00e9s, et l\u2019encouragement de l\u2019investissement\u00bb. Il est recommand\u00e9 \u00e0 cet \u00e9gard de moderniser les circuits de commercialisation agricoles au niveau des principaux bassins de production ainsi que de poursuivre les efforts en mati\u00e8re de promotion et de g\u00e9n\u00e9ralisation des normes de qualit\u00e9 et de s\u00e9curit\u00e9 sanitaire et alimentaire. L\u2019acc\u00e9l\u00e9ration de l\u2019int\u00e9gration dans le secteur formel est \u00e9galement un enjeu \u00e0 relever pour consolider les bases de la souverainet\u00e9 alimentaire au niveau national.<\/p>\n<p>A cet \u00e9gard, il est propos\u00e9 de renforcer l\u2019inclusion sociale des agriculteurs exploitants soient-ils ou travailleurs. Ceci passe par la facilitation de l\u2019acc\u00e8s \u00e0 la protection sociale g\u00e9n\u00e9ralis\u00e9e, \u00e0 des infrastructures rurales am\u00e9lior\u00e9es, \u00e0 de meilleures conditions de travail gr\u00e2ce aux outils technologiques, et en intensifiant les efforts en mati\u00e8re de renforcement des capacit\u00e9s des petites exploitations et de regroupement et agr\u00e9gation pour un partage de valeur juste et \u00e9quitable entre producteurs et agr\u00e9gateurs.<\/p>\n<\/div>\n<p>Auteur: Kawtar Tali<br \/>\n<a href=\"https:\/\/aujourdhui.ma\/economie\/souverainete-alimentaire-ce-que-recommande-le-nouveau-modele-de-developpement\">Cliquez ici pour lire l&rsquo;article depuis sa source.<\/a><\/p>\n","protected":false},"excerpt":{"rendered":"<p>La consolidation des bases d\u2019une souverainet\u00e9 alimentaire passe par le renforcement de la recherche et le d\u00e9veloppement de l\u2019innovation dans le domaine agricole et agro-industriel. L\u2019id\u00e9e \u00e9tant d\u2019adopter des approches de recherche-action fortement ancr\u00e9es dans les territoires et de veiller \u00e0 la diffusion des savoirs et des proc\u00e9d\u00e9s techniques au profit des acteurs du secteur [&hellip;]<\/p>\n","protected":false},"author":1759,"featured_media":0,"comment_status":"closed","ping_status":"closed","sticky":false,"template":"","format":"standard","meta":{"fifu_image_url":"https:\/\/aujourdhui.ma\/wp-content\/uploads\/2022\/04\/Souverainete-alimentaire-300x153.png","fifu_image_alt":"Souverainet\u00e9 alimentaire: Ce que recommande le nouveau  mod\u00e8le de d\u00e9veloppement","footnotes":""},"categories":[73,54],"tags":[],"class_list":["post-146208","post","type-post","status-publish","format-standard","hentry","category-actualite","category-maroc"],"_links":{"self":[{"href":"https:\/\/linitiative.ca\/International\/wp-json\/wp\/v2\/posts\/146208","targetHints":{"allow":["GET"]}}],"collection":[{"href":"https:\/\/linitiative.ca\/International\/wp-json\/wp\/v2\/posts"}],"about":[{"href":"https:\/\/linitiative.ca\/International\/wp-json\/wp\/v2\/types\/post"}],"author":[{"embeddable":true,"href":"https:\/\/linitiative.ca\/International\/wp-json\/wp\/v2\/users\/1759"}],"replies":[{"embeddable":true,"href":"https:\/\/linitiative.ca\/International\/wp-json\/wp\/v2\/comments?post=146208"}],"version-history":[{"count":0,"href":"https:\/\/linitiative.ca\/International\/wp-json\/wp\/v2\/posts\/146208\/revisions"}],"wp:attachment":[{"href":"https:\/\/linitiative.ca\/International\/wp-json\/wp\/v2\/media?parent=146208"}],"wp:term":[{"taxonomy":"category","embeddable":true,"href":"https:\/\/linitiative.ca\/International\/wp-json\/wp\/v2\/categories?post=146208"},{"taxonomy":"post_tag","embeddable":true,"href":"https:\/\/linitiative.ca\/International\/wp-json\/wp\/v2\/tags?post=146208"}],"curies":[{"name":"wp","href":"https:\/\/api.w.org\/{rel}","templated":true}]}}