{"id":146210,"date":"2022-04-24T08:30:10","date_gmt":"2022-04-24T12:30:10","guid":{"rendered":"https:\/\/linitiative.ca\/International\/mca-et-onca-appuient-lentrepreneuriat-agricole-dans-le-gharb-et-al-haouz\/"},"modified":"2022-04-24T08:30:10","modified_gmt":"2022-04-24T12:30:10","slug":"mca-et-onca-appuient-lentrepreneuriat-agricole-dans-le-gharb-et-al-haouz","status":"publish","type":"post","link":"https:\/\/linitiative.ca\/International\/mca-et-onca-appuient-lentrepreneuriat-agricole-dans-le-gharb-et-al-haouz\/","title":{"rendered":"MCA et ONCA appuient l\u2019entrepreneuriat agricole dans le Gharb et Al Haouz"},"content":{"rendered":"<div>\n<p><img decoding=\"async\" width=\"300\" height=\"153\" src=\"https:\/\/linitiative.ca\/International\/wp-content\/uploads\/sites\/23\/2022\/04\/MCA-et-ONCA-appuient-lentrepreneuriat-agricole-dans-le-Gharb-et-Al-Haouz-300x153-1.png\" class=\"attachment-medium size-medium wp-post-image\" alt=\"\" loading=\"lazy\" srcset=\"https:\/\/linitiative.ca\/International\/wp-content\/uploads\/sites\/23\/2022\/04\/MCA-et-ONCA-appuient-lentrepreneuriat-agricole-dans-le-Gharb-et-Al-Haouz-300x153-1.png 300w, https:\/\/aujourdhui.ma\/wp-content\/uploads\/2022\/04\/MCA-et-ONCA-appuient-lentrepreneuriat-agricole-dans-le-Gharb-et-Al-Haouz-274x140.png 274w, https:\/\/aujourdhui.ma\/wp-content\/uploads\/2022\/04\/MCA-et-ONCA-appuient-lentrepreneuriat-agricole-dans-le-Gharb-et-Al-Haouz.png 746w, https:\/\/aujourdhui.ma\/wp-content\/uploads\/2022\/04\/MCA-et-ONCA-appuient-lentrepreneuriat-agricole-dans-le-Gharb-et-Al-Haouz-165x84.png 165w, https:\/\/aujourdhui.ma\/wp-content\/uploads\/2022\/04\/MCA-et-ONCA-appuient-lentrepreneuriat-agricole-dans-le-Gharb-et-Al-Haouz-702x358.png 702w\" sizes=\"auto, (max-width: 300px) 100vw, 300px\"><\/p>\n<p><span style=\"color: #800000; font-size: 19px;\"><strong>Melkisation des terres collectives dans les p\u00e9rim\u00e8tres d\u2019irrigation<\/strong><\/span><span id=\"more-405990\"><\/span><\/p>\n<p>La strat\u00e9gie \u00abG\u00e9n\u00e9ration Green\u00bb \u00e9rige les terres collectives en levier de d\u00e9veloppement \u00e9conomique et social en milieu rural en g\u00e9n\u00e9ral. Elle vient en application aux Hautes Orientations Royales visant l\u2019activation de la melkisation \u00e0 titre gracieux au profit des ayants droit des terres collectives situ\u00e9es \u00e0 l\u2019int\u00e9rieur des p\u00e9rim\u00e8tres d\u2019irrigation, en particulier. Ce m\u00e9canisme tend \u00e0 garantir un d\u00e9veloppement inclusif et int\u00e9gr\u00e9 en vue de faire \u00e9merger une nouvelle g\u00e9n\u00e9ration de jeunes entrepreneurs agricoles et une classe moyenne agricole. Depuis le lancement de cette vision, le d\u00e9partement de l\u2019agriculture a agi de concert avec le minist\u00e8re de l\u2019int\u00e9rieur pour mener \u00e0 bien ce chantier. Les deux d\u00e9partements ont publi\u00e9 une circulaire commune \u00e0 travers laquelle ils d\u00e9finissent la proc\u00e9dure de mise en \u0153uvre de cette orientation qui tend \u00e0 mobiliser et valoriser pas moins de 1 million d\u2019hectares.<\/p>\n<p>En parall\u00e8le, une offre compl\u00e8te a \u00e9t\u00e9 \u00e9labor\u00e9e pour valoriser les terres collectives \u00e0 travers la mise en place d\u2019un syst\u00e8me incitatif ad\u00e9quat dans le cadre du fonds de d\u00e9veloppement agricole. Elle vient s\u2019ajouter au d\u00e9cret fixant les incitations financi\u00e8res octroy\u00e9es aux ayants droit.<br \/>\nLa melkisation des terres collectives se veut en effet une composante phare de l\u2019activit\u00e9 \u00abfoncier rural\u00bb mise en \u0153uvre par l\u2019agence MCA-Morocco. Dot\u00e9e d\u2019un budget de 33 millions de dollars, cette activit\u00e9 a pour objectif l\u2019am\u00e9lioration du niveau de vie de la population cible \u00e0 travers la formalisation de leurs droits fonciers, l\u2019accroissement des investissements agricoles, la dynamisation du march\u00e9 foncier, l\u2019accompagnement socio-\u00e9conomique des b\u00e9n\u00e9ficiaires et la cr\u00e9ation d\u2019emplois.<\/p>\n<p>Pas plus tard que la semaine derni\u00e8re, Mohamed Sadiki, ministre de l\u2019agriculture, de la p\u00eache maritime, du d\u00e9veloppement rural et des eaux et for\u00eats, a pr\u00e9sid\u00e9 la c\u00e9r\u00e9monie de signature de conventions de subvention de 15 projets s\u00e9lectionn\u00e9s dans le cadre de l\u2019appel \u00e0 projets portant sur l\u2019appui \u00e0 l\u2019entrepreneuriat agricole. \u00abCet appel \u00e0 projets s\u2019inscrit dans le cadre de la mise en \u0153uvre des mesures d\u2019accompagnement de l\u2019op\u00e9ration pilote de melkisation des terres collectives situ\u00e9es dans les p\u00e9rim\u00e8tres d\u2019irrigation du Gharb et d\u2019Al Haouz, d\u00e9ploy\u00e9e au titre de l\u2019activit\u00e9 foncier rural relevant du programme de coop\u00e9ration Compact II, conclu entre le gouvernement du Royaume du Maroc et le gouvernement des Etats-Unis, repr\u00e9sent\u00e9 par le Millennium Challenge Corporation\u00bb, apprend-on dans ce sens. Cet appel \u00e0 projets aspire \u00e0 promouvoir une approche innovante et inclusive de l\u2019entrepreneuriat agricole visant l\u2019autonomisation \u00e9conomique des femmes et des jeunes vivant de la terre et\/ou ayant un lien avec elle. Il s\u2019adresse aux associations et coop\u00e9ratives agricoles, avec une pr\u00e9dilection pour les organisations f\u00e9minines ou celles comptant parmi ses membres des jeunes \u00e2g\u00e9s de 15 \u00e0 45 ans. \u00ab Totalisant un budget de 20,5 millions DH et subventionn\u00e9s \u00e0 hauteur de 76% gr\u00e2ce au soutien du \u00abCompact II\u00bb (15,6 millions DH), ces projets concernent les provinces de K\u00e9nitra (4 projets), de Sidi Slimane et Sidi Kacem (3 projets chacune) et d\u2019El Kel\u00e2a des Sraghnas (5 projets)\u00bb, explique le d\u00e9partement de l\u2019agriculture.<\/p>\n<p>Et de pr\u00e9ciser que \u00ab ces projets, devant g\u00e9n\u00e9rer pr\u00e8s de 27.000 journ\u00e9es de travail par an, couvrent divers domaines, portant notamment sur les services, l\u2019ol\u00e9iculture, la valorisation du lait, l\u2019agro-\u00e9cologie, l\u2019agro-tourisme, l\u2019h\u00e9liciculture, la culture d\u2019avocat et de produits mara\u00eechers et la commercialisation de l\u00e9gumineuses et de plantes aromatiques et m\u00e9dicinales\u00bb. Il est \u00e0 noter que les 15 projets s\u00e9lectionn\u00e9s \u00e0 l\u2019issue d\u2019un processus rigoureux d\u2019\u00e9valuation et d\u2019accompagnement en pr\u00e9-cr\u00e9ation sont port\u00e9s par des coop\u00e9ratives. Ces derni\u00e8res vont b\u00e9n\u00e9ficier d\u2019un appui technique et financier visant \u00e0 am\u00e9liorer leurs syst\u00e8mes de production et \u00e0 d\u00e9velopper et renforcer leurs activit\u00e9s \u00e9conomiques en lien avec le secteur agricole.<\/p>\n<p>Ces groupements seront \u00e9troitement accompagn\u00e9s par l\u2019ONCA en post-cr\u00e9ation dans la mise en \u0153uvre de leurs projets. \u00ab Le processus de s\u00e9lection mis en place vient traduire une nouvelle logique d\u2019intervention de l\u2019ONCA au niveau provincial, s\u2019articulant autour de la r\u00e9alisation d\u2019un diagnostic des opportunit\u00e9s dans le secteur agricole, de l\u2019\u00e9tablissement d\u2019une cartographie des offres de m\u00e9tiers agricoles, para-agricoles et de transformation par r\u00e9gion et par fili\u00e8re \u00bb, rel\u00e8ve-t-on des parties prenantes. Et de poursuivre qu\u2019 \u00ab il porte \u00e9galement sur l\u2019organisation d\u2019\u00e9v\u00e8nements de communication aupr\u00e8s des populations cibles pour les sensibiliser aux opportunit\u00e9s offertes ainsi que l\u2019accompagnement des entrepreneurs agricoles en pr\u00e9-cr\u00e9ation pour renforcer leurs capacit\u00e9s\u00bb.<\/p>\n<div class=\"base-box mom_box_sc_custom mom_box_sc clear\" style=\"-moz-border-radius: 5px; border-radius: 5px;background-color:#fdd8c6;\">\n<p><span style=\"color: #800000;\"><strong>Vers le renforcement des capacit\u00e9s des agriculteurs b\u00e9n\u00e9ficiaires<\/strong><\/span><\/p>\n<p>Parall\u00e8lement \u00e0 cet appel \u00e0 projets, l\u2019Agence MCA-Morocco et l\u2019ONCA am\u00e9nagent le Centre r\u00e9gional des jeunes entrepreneurs agricoles de Had Kourt, province de Sidi Kacem. Cette structure cr\u00e9era un cadre de proximit\u00e9 pour l\u2019incubation, la formation, le conseil personnalis\u00e9 et l\u2019accompagnement des projets entrepreneuriaux locaux, focalis\u00e9 sur les besoins du territoire et dot\u00e9 de nouvelles technologies. De m\u00eame, l\u2019Agence MCA-Morocco et l\u2019ONCA ont d\u00e9ploy\u00e9 un programme ambitieux de renforcement des capacit\u00e9s des agriculteurs et agricultrices b\u00e9n\u00e9ficiaires de l\u2019op\u00e9ration de melkisation et des organisations professionnelles agricoles.<\/p>\n<p>Le but \u00e9tant de les doter des comp\u00e9tences n\u00e9cessaires pour assurer une exploitation rationnelle, optimis\u00e9e et durable des terres melkis\u00e9es ainsi que l\u2019adoption de techniques culturales r\u00e9silientes aux changements climatiques et l\u2019optimisation de l\u2019utilisation de l\u2019eau. Ce programme permettra \u00e0 105.000 personnes de b\u00e9n\u00e9ficier des exp\u00e9riences d\u2019experts et de professionnels pour parfaire leur savoir. Ce dispositif s\u2019articule autour de cours th\u00e9oriques et d\u2019exercices pratiques dans les champs et de voyages d\u2019\u00e9change.<\/p>\n<\/div>\n<p>\u00a0<\/p>\n<p>\u00a0<\/p>\n<\/div>\n<p>Auteur: Kawtar Tali<br \/>\n<a href=\"https:\/\/aujourdhui.ma\/economie\/mca-et-onca-appuient-lentrepreneuriat-agricole-dans-le-gharb-et-al-haouz\">Cliquez ici pour lire l&rsquo;article depuis sa source.<\/a><\/p>\n","protected":false},"excerpt":{"rendered":"<p>Melkisation des terres collectives dans les p\u00e9rim\u00e8tres d\u2019irrigation La strat\u00e9gie \u00abG\u00e9n\u00e9ration Green\u00bb \u00e9rige les terres collectives en levier de d\u00e9veloppement \u00e9conomique et social en milieu rural en g\u00e9n\u00e9ral. Elle vient en application aux Hautes Orientations Royales visant l\u2019activation de la melkisation \u00e0 titre gracieux au profit des ayants droit des terres collectives situ\u00e9es \u00e0 l\u2019int\u00e9rieur [&hellip;]<\/p>\n","protected":false},"author":1759,"featured_media":0,"comment_status":"closed","ping_status":"closed","sticky":false,"template":"","format":"standard","meta":{"fifu_image_url":"https:\/\/aujourdhui.ma\/wp-content\/uploads\/2022\/04\/MCA-et-ONCA-appuient-lentrepreneuriat-agricole-dans-le-Gharb-et-Al-Haouz-300x153.png","fifu_image_alt":"MCA et ONCA appuient l\u2019entrepreneuriat agricole dans le Gharb et Al Haouz","footnotes":""},"categories":[73,54],"tags":[],"class_list":["post-146210","post","type-post","status-publish","format-standard","hentry","category-actualite","category-maroc"],"_links":{"self":[{"href":"https:\/\/linitiative.ca\/International\/wp-json\/wp\/v2\/posts\/146210","targetHints":{"allow":["GET"]}}],"collection":[{"href":"https:\/\/linitiative.ca\/International\/wp-json\/wp\/v2\/posts"}],"about":[{"href":"https:\/\/linitiative.ca\/International\/wp-json\/wp\/v2\/types\/post"}],"author":[{"embeddable":true,"href":"https:\/\/linitiative.ca\/International\/wp-json\/wp\/v2\/users\/1759"}],"replies":[{"embeddable":true,"href":"https:\/\/linitiative.ca\/International\/wp-json\/wp\/v2\/comments?post=146210"}],"version-history":[{"count":0,"href":"https:\/\/linitiative.ca\/International\/wp-json\/wp\/v2\/posts\/146210\/revisions"}],"wp:attachment":[{"href":"https:\/\/linitiative.ca\/International\/wp-json\/wp\/v2\/media?parent=146210"}],"wp:term":[{"taxonomy":"category","embeddable":true,"href":"https:\/\/linitiative.ca\/International\/wp-json\/wp\/v2\/categories?post=146210"},{"taxonomy":"post_tag","embeddable":true,"href":"https:\/\/linitiative.ca\/International\/wp-json\/wp\/v2\/tags?post=146210"}],"curies":[{"name":"wp","href":"https:\/\/api.w.org\/{rel}","templated":true}]}}