{"id":146221,"date":"2022-04-24T10:53:37","date_gmt":"2022-04-24T14:53:37","guid":{"rendered":"https:\/\/linitiative.ca\/International\/previsions-meteorologiques-pour-le-lundi-25-avril-2022\/"},"modified":"2022-04-24T10:53:37","modified_gmt":"2022-04-24T14:53:37","slug":"previsions-meteorologiques-pour-le-lundi-25-avril-2022","status":"publish","type":"post","link":"https:\/\/linitiative.ca\/International\/previsions-meteorologiques-pour-le-lundi-25-avril-2022\/","title":{"rendered":"Pr\u00e9visions m\u00e9t\u00e9orologiques pour le lundi 25 avril 2022"},"content":{"rendered":"<div>\n<div style=\"margin-bottom:20px;\"><img loading=\"lazy\" decoding=\"async\" width=\"750\" height=\"430\" src=\"https:\/\/linitiative.ca\/International\/wp-content\/uploads\/sites\/23\/2022\/04\/mC3A9tC3A9o-2.jpg\" class=\"attachment-post-thumbnail size-post-thumbnail wp-post-image\" alt=\"\" srcset=\"https:\/\/linitiative.ca\/International\/wp-content\/uploads\/sites\/23\/2022\/04\/mC3A9tC3A9o-2.jpg 750w, https:\/\/www.mapmarrakech.ma\/map\/uploads\/2022\/04\/m\u00e9t\u00e9o-2-300x172.jpg 300w\" sizes=\"auto, (max-width: 750px) 100vw, 750px\"><\/div>\n<p>\u2013 Temps relativement froid sur l\u2019atlas, le rif et les hauts plateaux le matin et la nuit.<\/p>\n<p>\u2013 Nuages bas assez denses sur les plaines nord et centre avec formations brumeuses ou bruines locales.<\/p>\n<p>\u2013 Foyers instables avec des ond\u00e9es ou averses parfois orageuses sur le haut et le moyen atlas.<\/p>\n<p>\u2013 Rafales de vents localement assez fortes sur le nord des provinces sud avec des chasse-poussi\u00e8res par endroits.<\/p>\n<p>\u2013 Temp\u00e9ratures minimales de l\u2019ordre de 02\/06\u00b0c sur les montagnes, 06\/12\u00b0c sur le saiss, l\u2019oriental et les plateaux de phosphates, de 12\/14\u00b0c sur le nord, le centre, le sud-est et le nord des provinces sud et de 15\/20\u00b0c sur les extr\u00eames sud et sud-est du pays.<\/p>\n<p>\u2013 Temp\u00e9ratures du jour en hausse.<\/p>\n<p>\u2013 Mer belle en M\u00e9diterran\u00e9e, belle \u00e0 peu agit\u00e9e sur le D\u00e9troit et peu agit\u00e9e \u00e0 agit\u00e9e sur le littoral atlantique.<\/p>\n<p>The post <a rel=\"nofollow\" href=\"https:\/\/www.mapmarrakech.ma\/fr\/previsions-meteorologiques-pour-le-lundi-25-avril-2022\/\">Pr\u00e9visions m\u00e9t\u00e9orologiques pour le lundi 25 avril 2022<\/a> appeared first on <a rel=\"nofollow\" href=\"https:\/\/www.mapmarrakech.ma\/fr\">MapMarrakech<\/a>.<\/p>\n<\/div>\n<p>Auteur: Meriem IGASS<br \/>\n<a href=\"https:\/\/www.mapmarrakech.ma\/fr\/previsions-meteorologiques-pour-le-lundi-25-avril-2022\/\">Cliquez ici pour lire l&rsquo;article depuis sa source.<\/a><\/p>\n","protected":false},"excerpt":{"rendered":"<p>\u2013 Temps relativement froid sur l\u2019atlas, le rif et les hauts plateaux le matin et la nuit. \u2013 Nuages bas assez denses sur les plaines nord et centre avec formations brumeuses ou bruines locales. \u2013 Foyers instables avec des ond\u00e9es ou averses parfois orageuses sur le haut et le moyen atlas. \u2013 Rafales de vents [&hellip;]<\/p>\n","protected":false},"author":1788,"featured_media":0,"comment_status":"closed","ping_status":"closed","sticky":false,"template":"","format":"standard","meta":{"fifu_image_url":"https:\/\/www.mapmarrakech.ma\/map\/uploads\/2022\/04\/m\u00e9t\u00e9o-2.jpg","fifu_image_alt":"Pr\u00e9visions m\u00e9t\u00e9orologiques pour le lundi 25 avril 2022","footnotes":""},"categories":[54,76],"tags":[],"class_list":["post-146221","post","type-post","status-publish","format-standard","hentry","category-maroc","category-regions"],"_links":{"self":[{"href":"https:\/\/linitiative.ca\/International\/wp-json\/wp\/v2\/posts\/146221","targetHints":{"allow":["GET"]}}],"collection":[{"href":"https:\/\/linitiative.ca\/International\/wp-json\/wp\/v2\/posts"}],"about":[{"href":"https:\/\/linitiative.ca\/International\/wp-json\/wp\/v2\/types\/post"}],"author":[{"embeddable":true,"href":"https:\/\/linitiative.ca\/International\/wp-json\/wp\/v2\/users\/1788"}],"replies":[{"embeddable":true,"href":"https:\/\/linitiative.ca\/International\/wp-json\/wp\/v2\/comments?post=146221"}],"version-history":[{"count":0,"href":"https:\/\/linitiative.ca\/International\/wp-json\/wp\/v2\/posts\/146221\/revisions"}],"wp:attachment":[{"href":"https:\/\/linitiative.ca\/International\/wp-json\/wp\/v2\/media?parent=146221"}],"wp:term":[{"taxonomy":"category","embeddable":true,"href":"https:\/\/linitiative.ca\/International\/wp-json\/wp\/v2\/categories?post=146221"},{"taxonomy":"post_tag","embeddable":true,"href":"https:\/\/linitiative.ca\/International\/wp-json\/wp\/v2\/tags?post=146221"}],"curies":[{"name":"wp","href":"https:\/\/api.w.org\/{rel}","templated":true}]}}