{"id":146226,"date":"2022-04-24T14:07:24","date_gmt":"2022-04-24T18:07:24","guid":{"rendered":"https:\/\/linitiative.ca\/International\/presidentielle-francaise-macron-reelu\/"},"modified":"2022-04-24T14:07:24","modified_gmt":"2022-04-24T18:07:24","slug":"presidentielle-francaise-macron-reelu","status":"publish","type":"post","link":"https:\/\/linitiative.ca\/International\/presidentielle-francaise-macron-reelu\/","title":{"rendered":"Pr\u00e9sidentielle fran\u00e7aise: Macron r\u00e9\u00e9lu"},"content":{"rendered":"<div>\n<div class=\"field field-name-body field-type-text-with-summary field-label-hidden\">\n<div class=\"field-items\">\n<div class=\"field-item even\" property=\"content:encoded\">\n<p class=\"rtejustify\">Le pr\u00e9sident fran\u00e7ais sortant, Emmanuel Macron (La R\u00e9publique en Marche), a \u00e9t\u00e9 r\u00e9\u00e9lu, dimanche, pour un second mandat, s\u2019imposant au second tour face \u00e0 la cheffe du Rassemblement national (RN), Marine Le Pen, selon les premiers r\u00e9sultats annonc\u00e9s peu apr\u00e8s la fermeture des bureaux de vote \u00e0 20h00. Macron obtiendrait 58% des voix contre 42% pour la candidate de l&rsquo;Extr\u00eame droite.<\/p>\n<\/div>\n<\/div>\n<\/div>\n<\/div>\n<p>Auteur: hgueye<br \/>\n<a href=\"https:\/\/www.leconomiste.com\/flash-infos\/presidentielle-francaise-macron-reelu\">Cliquez ici pour lire l&rsquo;article depuis sa source.<\/a><\/p>\n","protected":false},"excerpt":{"rendered":"<p>Le pr\u00e9sident fran\u00e7ais sortant, Emmanuel Macron (La R\u00e9publique en Marche), a \u00e9t\u00e9 r\u00e9\u00e9lu, dimanche, pour un second mandat, s\u2019imposant au second tour face \u00e0 la cheffe du Rassemblement national (RN), Marine Le Pen, selon les premiers r\u00e9sultats annonc\u00e9s peu apr\u00e8s la fermeture des bureaux de vote \u00e0 20h00. Macron obtiendrait 58% des voix contre 42% [&hellip;]<\/p>\n","protected":false},"author":1763,"featured_media":0,"comment_status":"closed","ping_status":"closed","sticky":false,"template":"","format":"standard","meta":{"fifu_image_url":"","fifu_image_alt":"","footnotes":""},"categories":[78,54],"tags":[],"class_list":["post-146226","post","type-post","status-publish","format-standard","hentry","category-economie","category-maroc"],"_links":{"self":[{"href":"https:\/\/linitiative.ca\/International\/wp-json\/wp\/v2\/posts\/146226","targetHints":{"allow":["GET"]}}],"collection":[{"href":"https:\/\/linitiative.ca\/International\/wp-json\/wp\/v2\/posts"}],"about":[{"href":"https:\/\/linitiative.ca\/International\/wp-json\/wp\/v2\/types\/post"}],"author":[{"embeddable":true,"href":"https:\/\/linitiative.ca\/International\/wp-json\/wp\/v2\/users\/1763"}],"replies":[{"embeddable":true,"href":"https:\/\/linitiative.ca\/International\/wp-json\/wp\/v2\/comments?post=146226"}],"version-history":[{"count":0,"href":"https:\/\/linitiative.ca\/International\/wp-json\/wp\/v2\/posts\/146226\/revisions"}],"wp:attachment":[{"href":"https:\/\/linitiative.ca\/International\/wp-json\/wp\/v2\/media?parent=146226"}],"wp:term":[{"taxonomy":"category","embeddable":true,"href":"https:\/\/linitiative.ca\/International\/wp-json\/wp\/v2\/categories?post=146226"},{"taxonomy":"post_tag","embeddable":true,"href":"https:\/\/linitiative.ca\/International\/wp-json\/wp\/v2\/tags?post=146226"}],"curies":[{"name":"wp","href":"https:\/\/api.w.org\/{rel}","templated":true}]}}