{"id":146229,"date":"2022-04-24T13:27:00","date_gmt":"2022-04-24T17:27:00","guid":{"rendered":"https:\/\/linitiative.ca\/International\/brest-le-but-de-belaili-face-a-metz-son-premier-en-championnat-video\/"},"modified":"2022-04-24T13:27:00","modified_gmt":"2022-04-24T17:27:00","slug":"brest-le-but-de-belaili-face-a-metz-son-premier-en-championnat-video","status":"publish","type":"post","link":"https:\/\/linitiative.ca\/International\/brest-le-but-de-belaili-face-a-metz-son-premier-en-championnat-video\/","title":{"rendered":"Brest : Le but de Belaili face \u00e0 Metz, son premier en championnat (Vid\u00e9o)"},"content":{"rendered":"<div>A l&rsquo;occasion de la 34e journ\u00e9e de Ligue 1 fran\u00e7aise, le Stade Brestois s&rsquo;est impos\u00e9 sur le score de 1-0 face \u00e0 Metz gr\u00e2ce \u00e0 un but de Youcef Belaili<\/div>\n<p>Auteur:<br \/>\n<a href=\"https:\/\/www.lebuteur.com\/article\/detail?titre=brest-le-but-de-belaili-face-a-metz-son-premier-en-championnat-video&#038;id=102765\">Cliquez ici pour lire l&rsquo;article depuis sa source.<\/a><\/p>\n","protected":false},"excerpt":{"rendered":"<p>A l&rsquo;occasion de la 34e journ\u00e9e de Ligue 1 fran\u00e7aise, le Stade Brestois s&rsquo;est impos\u00e9 sur le score de 1-0 face \u00e0 Metz gr\u00e2ce \u00e0 un but de Youcef Belaili Auteur: Cliquez ici pour lire l&rsquo;article depuis sa source.<\/p>\n","protected":false},"author":1738,"featured_media":0,"comment_status":"closed","ping_status":"closed","sticky":false,"template":"","format":"standard","meta":{"fifu_image_url":"","fifu_image_alt":"","footnotes":""},"categories":[53,75],"tags":[],"class_list":["post-146229","post","type-post","status-publish","format-standard","hentry","category-algerie","category-sport"],"_links":{"self":[{"href":"https:\/\/linitiative.ca\/International\/wp-json\/wp\/v2\/posts\/146229","targetHints":{"allow":["GET"]}}],"collection":[{"href":"https:\/\/linitiative.ca\/International\/wp-json\/wp\/v2\/posts"}],"about":[{"href":"https:\/\/linitiative.ca\/International\/wp-json\/wp\/v2\/types\/post"}],"author":[{"embeddable":true,"href":"https:\/\/linitiative.ca\/International\/wp-json\/wp\/v2\/users\/1738"}],"replies":[{"embeddable":true,"href":"https:\/\/linitiative.ca\/International\/wp-json\/wp\/v2\/comments?post=146229"}],"version-history":[{"count":0,"href":"https:\/\/linitiative.ca\/International\/wp-json\/wp\/v2\/posts\/146229\/revisions"}],"wp:attachment":[{"href":"https:\/\/linitiative.ca\/International\/wp-json\/wp\/v2\/media?parent=146229"}],"wp:term":[{"taxonomy":"category","embeddable":true,"href":"https:\/\/linitiative.ca\/International\/wp-json\/wp\/v2\/categories?post=146229"},{"taxonomy":"post_tag","embeddable":true,"href":"https:\/\/linitiative.ca\/International\/wp-json\/wp\/v2\/tags?post=146229"}],"curies":[{"name":"wp","href":"https:\/\/api.w.org\/{rel}","templated":true}]}}