{"id":146230,"date":"2022-04-24T13:33:00","date_gmt":"2022-04-24T17:33:00","guid":{"rendered":"https:\/\/linitiative.ca\/International\/brest-der-zakarian-youcef-a-fait-un-tres-gros-match\/"},"modified":"2022-04-24T13:33:00","modified_gmt":"2022-04-24T17:33:00","slug":"brest-der-zakarian-youcef-a-fait-un-tres-gros-match","status":"publish","type":"post","link":"https:\/\/linitiative.ca\/International\/brest-der-zakarian-youcef-a-fait-un-tres-gros-match\/","title":{"rendered":"Brest &#8211; Der Zakarian : \u00ab\u00a0Youcef a fait un tr\u00e8s gros match\u00a0\u00bb"},"content":{"rendered":"<div>Avant la demi-heure de jeu face \u00e0 Metz, l\u2019Alg\u00e9rien Youcef Bela\u00efli a ouvert le score pour les Brestois. Ce but a suffi pour prendre les trois points et passer \u00e0 la onzi\u00e8me place<\/div>\n<p>Auteur:<br \/>\n<a href=\"https:\/\/www.lebuteur.com\/article\/detail?titre=brest-der-zakarian-youcef-a-fait-un-tres-gros-match&#038;id=102766\">Cliquez ici pour lire l&rsquo;article depuis sa source.<\/a><\/p>\n","protected":false},"excerpt":{"rendered":"<p>Avant la demi-heure de jeu face \u00e0 Metz, l\u2019Alg\u00e9rien Youcef Bela\u00efli a ouvert le score pour les Brestois. Ce but a suffi pour prendre les trois points et passer \u00e0 la onzi\u00e8me place Auteur: Cliquez ici pour lire l&rsquo;article depuis sa source.<\/p>\n","protected":false},"author":1738,"featured_media":0,"comment_status":"closed","ping_status":"closed","sticky":false,"template":"","format":"standard","meta":{"fifu_image_url":"","fifu_image_alt":"","footnotes":""},"categories":[53,75],"tags":[],"class_list":["post-146230","post","type-post","status-publish","format-standard","hentry","category-algerie","category-sport"],"_links":{"self":[{"href":"https:\/\/linitiative.ca\/International\/wp-json\/wp\/v2\/posts\/146230","targetHints":{"allow":["GET"]}}],"collection":[{"href":"https:\/\/linitiative.ca\/International\/wp-json\/wp\/v2\/posts"}],"about":[{"href":"https:\/\/linitiative.ca\/International\/wp-json\/wp\/v2\/types\/post"}],"author":[{"embeddable":true,"href":"https:\/\/linitiative.ca\/International\/wp-json\/wp\/v2\/users\/1738"}],"replies":[{"embeddable":true,"href":"https:\/\/linitiative.ca\/International\/wp-json\/wp\/v2\/comments?post=146230"}],"version-history":[{"count":0,"href":"https:\/\/linitiative.ca\/International\/wp-json\/wp\/v2\/posts\/146230\/revisions"}],"wp:attachment":[{"href":"https:\/\/linitiative.ca\/International\/wp-json\/wp\/v2\/media?parent=146230"}],"wp:term":[{"taxonomy":"category","embeddable":true,"href":"https:\/\/linitiative.ca\/International\/wp-json\/wp\/v2\/categories?post=146230"},{"taxonomy":"post_tag","embeddable":true,"href":"https:\/\/linitiative.ca\/International\/wp-json\/wp\/v2\/tags?post=146230"}],"curies":[{"name":"wp","href":"https:\/\/api.w.org\/{rel}","templated":true}]}}