{"id":146231,"date":"2022-04-24T14:20:00","date_gmt":"2022-04-24T18:20:00","guid":{"rendered":"https:\/\/linitiative.ca\/International\/la-reaction-de-belmadi-en-voyant-gassama-a-laeroport\/"},"modified":"2022-04-24T14:20:00","modified_gmt":"2022-04-24T18:20:00","slug":"la-reaction-de-belmadi-en-voyant-gassama-a-laeroport","status":"publish","type":"post","link":"https:\/\/linitiative.ca\/International\/la-reaction-de-belmadi-en-voyant-gassama-a-laeroport\/","title":{"rendered":"La r\u00e9action de Belmadi en voyant Gassama \u00e0 l&rsquo;a\u00e9roport"},"content":{"rendered":"<div>Apr\u00e8s avoir \u00e9t\u00e9 annonc\u00e9 sur le d\u00e9part, l&rsquo;entra\u00eeneur alg\u00e9rien Djamel Belmadi a finalement annonc\u00e9 ce dimanche qu&rsquo;il restait \u00e0 son poste de s\u00e9lectionneur<\/div>\n<p>Auteur:<br \/>\n<a href=\"https:\/\/www.lebuteur.com\/article\/detail?titre=la-reaction-de-belmadi-en-voyant-gassama-a-laeroport&#038;id=102767\">Cliquez ici pour lire l&rsquo;article depuis sa source.<\/a><\/p>\n","protected":false},"excerpt":{"rendered":"<p>Apr\u00e8s avoir \u00e9t\u00e9 annonc\u00e9 sur le d\u00e9part, l&rsquo;entra\u00eeneur alg\u00e9rien Djamel Belmadi a finalement annonc\u00e9 ce dimanche qu&rsquo;il restait \u00e0 son poste de s\u00e9lectionneur Auteur: Cliquez ici pour lire l&rsquo;article depuis sa source.<\/p>\n","protected":false},"author":1738,"featured_media":0,"comment_status":"closed","ping_status":"closed","sticky":false,"template":"","format":"standard","meta":{"fifu_image_url":"","fifu_image_alt":"","footnotes":""},"categories":[53,75],"tags":[],"class_list":["post-146231","post","type-post","status-publish","format-standard","hentry","category-algerie","category-sport"],"_links":{"self":[{"href":"https:\/\/linitiative.ca\/International\/wp-json\/wp\/v2\/posts\/146231","targetHints":{"allow":["GET"]}}],"collection":[{"href":"https:\/\/linitiative.ca\/International\/wp-json\/wp\/v2\/posts"}],"about":[{"href":"https:\/\/linitiative.ca\/International\/wp-json\/wp\/v2\/types\/post"}],"author":[{"embeddable":true,"href":"https:\/\/linitiative.ca\/International\/wp-json\/wp\/v2\/users\/1738"}],"replies":[{"embeddable":true,"href":"https:\/\/linitiative.ca\/International\/wp-json\/wp\/v2\/comments?post=146231"}],"version-history":[{"count":0,"href":"https:\/\/linitiative.ca\/International\/wp-json\/wp\/v2\/posts\/146231\/revisions"}],"wp:attachment":[{"href":"https:\/\/linitiative.ca\/International\/wp-json\/wp\/v2\/media?parent=146231"}],"wp:term":[{"taxonomy":"category","embeddable":true,"href":"https:\/\/linitiative.ca\/International\/wp-json\/wp\/v2\/categories?post=146231"},{"taxonomy":"post_tag","embeddable":true,"href":"https:\/\/linitiative.ca\/International\/wp-json\/wp\/v2\/tags?post=146231"}],"curies":[{"name":"wp","href":"https:\/\/api.w.org\/{rel}","templated":true}]}}