{"id":146232,"date":"2022-04-24T04:20:00","date_gmt":"2022-04-24T08:20:00","guid":{"rendered":"https:\/\/linitiative.ca\/International\/les-vents-contraires-risquent-dentrainer-une-baisse-de-la-croissance-mondiale\/"},"modified":"2022-04-24T04:20:00","modified_gmt":"2022-04-24T08:20:00","slug":"les-vents-contraires-risquent-dentrainer-une-baisse-de-la-croissance-mondiale","status":"publish","type":"post","link":"https:\/\/linitiative.ca\/International\/les-vents-contraires-risquent-dentrainer-une-baisse-de-la-croissance-mondiale\/","title":{"rendered":"Les vents contraires risquent d&rsquo;entra\u00eener une baisse de la croissance mondiale"},"content":{"rendered":"<div><img decoding=\"async\" src=\"https:\/\/linitiative.ca\/International\/wp-content\/uploads\/sites\/23\/2022\/04\/1650721146_article.jpg\" alt=\"Les vents contraires risquent d\" entra une baisse de la croissance mondiale align=\"left\">Le th\u00e8me macro\u00e9conomique mondial dominant depuis un an et demi est la reprise \u00e9conomique apr\u00e8s le choc de la pand\u00e9mie de Covid-19. En fait, avec une croissance du PIB de 5,9 % en 2021, l&rsquo;\u00e9conomie mondiale a connu la plus forte expansion de l&rsquo;activit\u00e9 depuis pr\u00e8s de 50 ans. L&rsquo;indice mondial des directeurs d&rsquo;achat de l&rsquo;industrie manufacturi\u00e8re (PMI), qui est un indicateur co\u00efncidant de l&rsquo;activit\u00e9 \u00e9conomique mondiale, a \u00e9t\u00e9 en territoire d&rsquo;expansion pendant 21 mois cons\u00e9cutifs, et il reste fort selon la derni\u00e8re publication de mars 2022, d\u00e9montrant la r\u00e9silience de la reprise \u00e9conomique mondiale.<br \/>\nCependant, malgr\u00e9 la vigueur de la reprise mondiale, de nouveaux facteurs &#8230;<\/p>\n<\/div>\n<p>Auteur:<br \/>\n<a href=\"https:\/\/www.leaders.com.tn\/article\/33275-les-vents-contraires-risquent-d-entrainer-une-baisse-de-la-croissance-mondiale\">Cliquez ici pour lire l&rsquo;article depuis sa source.<\/a><\/p>\n","protected":false},"excerpt":{"rendered":"<p>Le th\u00e8me macro\u00e9conomique mondial dominant depuis un an et demi est la reprise \u00e9conomique apr\u00e8s le choc de la pand\u00e9mie de Covid-19. En fait, avec une croissance du PIB de 5,9 % en 2021, l&rsquo;\u00e9conomie mondiale a connu la plus forte expansion de l&rsquo;activit\u00e9 depuis pr\u00e8s de 50 ans. L&rsquo;indice mondial des directeurs d&rsquo;achat de [&hellip;]<\/p>\n","protected":false},"author":1772,"featured_media":0,"comment_status":"closed","ping_status":"closed","sticky":false,"template":"","format":"standard","meta":{"fifu_image_url":"http:\/\/www.leaders.com.tn\/uploads\/content\/thumbnails_small\/1650721146_article.jpg","fifu_image_alt":"<div>Les vents contraires risquent d'entra\u00eener une baisse de la croissance mondiale<\/div>","footnotes":""},"categories":[73,55],"tags":[],"class_list":["post-146232","post","type-post","status-publish","format-standard","hentry","category-actualite","category-tunisie"],"_links":{"self":[{"href":"https:\/\/linitiative.ca\/International\/wp-json\/wp\/v2\/posts\/146232","targetHints":{"allow":["GET"]}}],"collection":[{"href":"https:\/\/linitiative.ca\/International\/wp-json\/wp\/v2\/posts"}],"about":[{"href":"https:\/\/linitiative.ca\/International\/wp-json\/wp\/v2\/types\/post"}],"author":[{"embeddable":true,"href":"https:\/\/linitiative.ca\/International\/wp-json\/wp\/v2\/users\/1772"}],"replies":[{"embeddable":true,"href":"https:\/\/linitiative.ca\/International\/wp-json\/wp\/v2\/comments?post=146232"}],"version-history":[{"count":0,"href":"https:\/\/linitiative.ca\/International\/wp-json\/wp\/v2\/posts\/146232\/revisions"}],"wp:attachment":[{"href":"https:\/\/linitiative.ca\/International\/wp-json\/wp\/v2\/media?parent=146232"}],"wp:term":[{"taxonomy":"category","embeddable":true,"href":"https:\/\/linitiative.ca\/International\/wp-json\/wp\/v2\/categories?post=146232"},{"taxonomy":"post_tag","embeddable":true,"href":"https:\/\/linitiative.ca\/International\/wp-json\/wp\/v2\/tags?post=146232"}],"curies":[{"name":"wp","href":"https:\/\/api.w.org\/{rel}","templated":true}]}}