{"id":146234,"date":"2022-04-24T06:10:00","date_gmt":"2022-04-24T10:10:00","guid":{"rendered":"https:\/\/linitiative.ca\/International\/khaldoun-bardi-la-veneration-du-maitre-est-elle-passee-de-mode\/"},"modified":"2022-04-24T06:10:00","modified_gmt":"2022-04-24T10:10:00","slug":"khaldoun-bardi-la-veneration-du-maitre-est-elle-passee-de-mode","status":"publish","type":"post","link":"https:\/\/linitiative.ca\/International\/khaldoun-bardi-la-veneration-du-maitre-est-elle-passee-de-mode\/","title":{"rendered":"Khaldoun Bardi : la v\u00e9n\u00e9ration du ma\u00eetre est-elle pass\u00e9e de mode ?"},"content":{"rendered":"<div><img decoding=\"async\" src=\"https:\/\/linitiative.ca\/International\/wp-content\/uploads\/sites\/23\/2022\/04\/1650795406_article.jpg\" alt=\"Khaldoun Bardi : la v\u00e9n\u00e9ration du ma\u00eetre est-elle pass\u00e9e de mode ?\" align=\"left\">Par Dr Khaldoun Bardi &#8211;  Le magisterium du ma\u00eetre au Moyen \u00c2ge ou \u00e0 la Renaissance \u00e9tait,  formellement, celui du th\u00e9ologien, de Thomas d&rsquo;Aquin ou de Bonaventure en  chaire.<br \/>\nSi L&rsquo;h\u00e9ritage th\u00e9ologique s&rsquo;est affaibli, ses conventions sont  rest\u00e9es. Ces formes, ces conventions de l&rsquo;esprit \u00e9taient sous-tendues  par une r\u00e9v\u00e9rence qui allait tellement de soi que c&rsquo;est \u00e0 peine si on  s&rsquo;interrogeait sur elle.<br \/>\nV\u00e9n\u00e9rer son ma\u00eetre \u00e9tait le code natal et naturel de la relation. O\u00f9  p\u00e2lissent la r\u00e9v\u00e9rence et la d\u00e9f\u00e9rence, ne demeurent pas moins le  respect, qui en d\u00e9rive \u00e9troitement, et une soumission volontaire.<br \/>\nDans une forme d&rsquo;enveloppement, (dont la d\u00e9finition en Occident &#8230;<\/p>\n<\/div>\n<p>Auteur:<br \/>\n<a href=\"https:\/\/www.leaders.com.tn\/article\/33148-khaldoun-bardi-la-veneration-du-maitre-est-elle-passee-de-mode\">Cliquez ici pour lire l&rsquo;article depuis sa source.<\/a><\/p>\n","protected":false},"excerpt":{"rendered":"<p>Par Dr Khaldoun Bardi &#8211; Le magisterium du ma\u00eetre au Moyen \u00c2ge ou \u00e0 la Renaissance \u00e9tait, formellement, celui du th\u00e9ologien, de Thomas d&rsquo;Aquin ou de Bonaventure en chaire. Si L&rsquo;h\u00e9ritage th\u00e9ologique s&rsquo;est affaibli, ses conventions sont rest\u00e9es. Ces formes, ces conventions de l&rsquo;esprit \u00e9taient sous-tendues par une r\u00e9v\u00e9rence qui allait tellement de soi que [&hellip;]<\/p>\n","protected":false},"author":1772,"featured_media":0,"comment_status":"closed","ping_status":"closed","sticky":false,"template":"","format":"standard","meta":{"fifu_image_url":"http:\/\/www.leaders.com.tn\/uploads\/content\/thumbnails_small\/1650795406_article.jpg","fifu_image_alt":"Khaldoun Bardi : la v\u00e9n\u00e9ration du ma\u00eetre est-elle pass\u00e9e de mode ?","footnotes":""},"categories":[73,55],"tags":[],"class_list":["post-146234","post","type-post","status-publish","format-standard","hentry","category-actualite","category-tunisie"],"_links":{"self":[{"href":"https:\/\/linitiative.ca\/International\/wp-json\/wp\/v2\/posts\/146234","targetHints":{"allow":["GET"]}}],"collection":[{"href":"https:\/\/linitiative.ca\/International\/wp-json\/wp\/v2\/posts"}],"about":[{"href":"https:\/\/linitiative.ca\/International\/wp-json\/wp\/v2\/types\/post"}],"author":[{"embeddable":true,"href":"https:\/\/linitiative.ca\/International\/wp-json\/wp\/v2\/users\/1772"}],"replies":[{"embeddable":true,"href":"https:\/\/linitiative.ca\/International\/wp-json\/wp\/v2\/comments?post=146234"}],"version-history":[{"count":0,"href":"https:\/\/linitiative.ca\/International\/wp-json\/wp\/v2\/posts\/146234\/revisions"}],"wp:attachment":[{"href":"https:\/\/linitiative.ca\/International\/wp-json\/wp\/v2\/media?parent=146234"}],"wp:term":[{"taxonomy":"category","embeddable":true,"href":"https:\/\/linitiative.ca\/International\/wp-json\/wp\/v2\/categories?post=146234"},{"taxonomy":"post_tag","embeddable":true,"href":"https:\/\/linitiative.ca\/International\/wp-json\/wp\/v2\/tags?post=146234"}],"curies":[{"name":"wp","href":"https:\/\/api.w.org\/{rel}","templated":true}]}}