{"id":146238,"date":"2022-04-24T08:32:46","date_gmt":"2022-04-24T12:32:46","guid":{"rendered":"https:\/\/linitiative.ca\/International\/maroc-les-mulliez-a-la-tete-dauchan-decathlon-et-kiabi-entrent-par-la-grande-porte-dans-lenergie-renouvelable\/"},"modified":"2022-04-24T08:32:46","modified_gmt":"2022-04-24T12:32:46","slug":"maroc-les-mulliez-a-la-tete-dauchan-decathlon-et-kiabi-entrent-par-la-grande-porte-dans-lenergie-renouvelable","status":"publish","type":"post","link":"https:\/\/linitiative.ca\/International\/maroc-les-mulliez-a-la-tete-dauchan-decathlon-et-kiabi-entrent-par-la-grande-porte-dans-lenergie-renouvelable\/","title":{"rendered":"Maroc. Les Mulliez, \u00e0 la t\u00eate d\u2019Auchan, Decathlon et Kiabi, entrent par la grande porte dans l\u2019\u00e9nergie renouvelable"},"content":{"rendered":"<div><img decoding=\"async\" width=\"896\" height=\"598\" src=\"https:\/\/linitiative.ca\/International\/wp-content\/uploads\/sites\/23\/2022\/04\/VOLTALIA.jpg\" class=\"attachment-post-thumbnail size-post-thumbnail wp-post-image\" alt=\"\" loading=\"lazy\" srcset=\"https:\/\/linitiative.ca\/International\/wp-content\/uploads\/sites\/23\/2022\/04\/VOLTALIA.jpg 896w, https:\/\/www.challenge.ma\/wp-content\/uploads\/2022\/04\/VOLTALIA-300x200.jpg 300w, https:\/\/www.challenge.ma\/wp-content\/uploads\/2022\/04\/VOLTALIA-768x513.jpg 768w, https:\/\/www.challenge.ma\/wp-content\/uploads\/2022\/04\/VOLTALIA-360x240.jpg 360w, https:\/\/www.challenge.ma\/wp-content\/uploads\/2022\/04\/VOLTALIA-750x501.jpg 750w\" sizes=\"auto, (max-width: 896px) 100vw, 896px\" itemprop=\"image\">Install\u00e9e dans le Royaume depuis 2015 pour saisir les opportunit\u00e9s dans les \u00e9nergies vertes, Voltalia, la soci\u00e9t\u00e9 appartenant \u00e0 la famille Mulliez, plus connue par ses enseignes Auchan, D\u00e9cathlon, Kiabi, Pimkie, ou encore Leroy Merlin, entre par la grande porte dans march\u00e9 marocain des \u00e9nergies renouvelables. L\u2019entreprise de la famille<\/div>\n<p>Auteur: Adama Sylla<br \/>\n<a href=\"https:\/\/www.challenge.ma\/maroc-les-mulliez-a-la-tete-dauchan-decathlon-et-kiabi-entrent-par-la-grande-porte-dans-lenergie-renouvelable-237380\/\">Cliquez ici pour lire l&rsquo;article depuis sa source.<\/a><\/p>\n","protected":false},"excerpt":{"rendered":"<p>Install\u00e9e dans le Royaume depuis 2015 pour saisir les opportunit\u00e9s dans les \u00e9nergies vertes, Voltalia, la soci\u00e9t\u00e9 appartenant \u00e0 la famille Mulliez, plus connue par ses enseignes Auchan, D\u00e9cathlon, Kiabi, Pimkie, ou encore Leroy Merlin, entre par la grande porte dans march\u00e9 marocain des \u00e9nergies renouvelables. L\u2019entreprise de la famille Auteur: Adama Sylla Cliquez ici [&hellip;]<\/p>\n","protected":false},"author":1787,"featured_media":0,"comment_status":"closed","ping_status":"closed","sticky":false,"template":"","format":"standard","meta":{"fifu_image_url":"https:\/\/www.challenge.ma\/wp-content\/uploads\/2022\/04\/VOLTALIA.jpg","fifu_image_alt":"Maroc. Les Mulliez, \u00e0 la t\u00eate d\u2019Auchan, Decathlon et Kiabi, entrent par la grande porte dans l\u2019\u00e9nergie renouvelable","footnotes":""},"categories":[78,54],"tags":[],"class_list":["post-146238","post","type-post","status-publish","format-standard","hentry","category-economie","category-maroc"],"_links":{"self":[{"href":"https:\/\/linitiative.ca\/International\/wp-json\/wp\/v2\/posts\/146238","targetHints":{"allow":["GET"]}}],"collection":[{"href":"https:\/\/linitiative.ca\/International\/wp-json\/wp\/v2\/posts"}],"about":[{"href":"https:\/\/linitiative.ca\/International\/wp-json\/wp\/v2\/types\/post"}],"author":[{"embeddable":true,"href":"https:\/\/linitiative.ca\/International\/wp-json\/wp\/v2\/users\/1787"}],"replies":[{"embeddable":true,"href":"https:\/\/linitiative.ca\/International\/wp-json\/wp\/v2\/comments?post=146238"}],"version-history":[{"count":0,"href":"https:\/\/linitiative.ca\/International\/wp-json\/wp\/v2\/posts\/146238\/revisions"}],"wp:attachment":[{"href":"https:\/\/linitiative.ca\/International\/wp-json\/wp\/v2\/media?parent=146238"}],"wp:term":[{"taxonomy":"category","embeddable":true,"href":"https:\/\/linitiative.ca\/International\/wp-json\/wp\/v2\/categories?post=146238"},{"taxonomy":"post_tag","embeddable":true,"href":"https:\/\/linitiative.ca\/International\/wp-json\/wp\/v2\/tags?post=146238"}],"curies":[{"name":"wp","href":"https:\/\/api.w.org\/{rel}","templated":true}]}}