{"id":146240,"date":"2022-04-24T09:14:00","date_gmt":"2022-04-24T13:14:00","guid":{"rendered":"https:\/\/linitiative.ca\/International\/iberia-lance-cet-ete-six-nouvelles-routes-vers-le-maroc\/"},"modified":"2022-04-24T09:14:00","modified_gmt":"2022-04-24T13:14:00","slug":"iberia-lance-cet-ete-six-nouvelles-routes-vers-le-maroc","status":"publish","type":"post","link":"https:\/\/linitiative.ca\/International\/iberia-lance-cet-ete-six-nouvelles-routes-vers-le-maroc\/","title":{"rendered":"Iberia lance cet \u00e9t\u00e9 six nouvelles routes vers le Maroc"},"content":{"rendered":"<div><img decoding=\"async\" width=\"600\" height=\"310\" src=\"https:\/\/linitiative.ca\/International\/wp-content\/uploads\/sites\/23\/2022\/04\/IBERIA-1.jpg\" class=\"attachment-post-thumbnail size-post-thumbnail wp-post-image\" alt=\"\" loading=\"lazy\" srcset=\"https:\/\/linitiative.ca\/International\/wp-content\/uploads\/sites\/23\/2022\/04\/IBERIA-1.jpg 600w, https:\/\/www.challenge.ma\/wp-content\/uploads\/2022\/04\/IBERIA-1-300x155.jpg 300w, https:\/\/www.challenge.ma\/wp-content\/uploads\/2022\/04\/IBERIA-1-360x186.jpg 360w\" sizes=\"auto, (max-width: 600px) 100vw, 600px\" itemprop=\"image\">La compagnie a\u00e9rienne nationale espagnole vient de d\u00e9voiler son programme estival. Iberia lancera cet \u00e9t\u00e9 six nouvelles liaisons au d\u00e9part de l\u2019Espagne vers le Maroc, desservant Nador, Casablanca, Tanger et T\u00e9touan. Pour l\u2019\u00e9t\u00e9 2022, la compagnie a\u00e9rienne nationale espagnole avait annonc\u00e9 un retour \u00e0 85 % des capacit\u00e9s de 2019,<\/div>\n<p>Auteur: Adama Sylla<br \/>\n<a href=\"https:\/\/www.challenge.ma\/iberia-lance-cet-ete-six-nouvelles-routes-vers-le-maroc-237384\/\">Cliquez ici pour lire l&rsquo;article depuis sa source.<\/a><\/p>\n","protected":false},"excerpt":{"rendered":"<p>La compagnie a\u00e9rienne nationale espagnole vient de d\u00e9voiler son programme estival. Iberia lancera cet \u00e9t\u00e9 six nouvelles liaisons au d\u00e9part de l\u2019Espagne vers le Maroc, desservant Nador, Casablanca, Tanger et T\u00e9touan. Pour l\u2019\u00e9t\u00e9 2022, la compagnie a\u00e9rienne nationale espagnole avait annonc\u00e9 un retour \u00e0 85 % des capacit\u00e9s de 2019, Auteur: Adama Sylla Cliquez ici [&hellip;]<\/p>\n","protected":false},"author":1787,"featured_media":0,"comment_status":"closed","ping_status":"closed","sticky":false,"template":"","format":"standard","meta":{"fifu_image_url":"https:\/\/www.challenge.ma\/wp-content\/uploads\/2022\/04\/IBERIA-1.jpg","fifu_image_alt":"Iberia lance cet \u00e9t\u00e9 six nouvelles routes vers le Maroc","footnotes":""},"categories":[78,54],"tags":[],"class_list":["post-146240","post","type-post","status-publish","format-standard","hentry","category-economie","category-maroc"],"_links":{"self":[{"href":"https:\/\/linitiative.ca\/International\/wp-json\/wp\/v2\/posts\/146240","targetHints":{"allow":["GET"]}}],"collection":[{"href":"https:\/\/linitiative.ca\/International\/wp-json\/wp\/v2\/posts"}],"about":[{"href":"https:\/\/linitiative.ca\/International\/wp-json\/wp\/v2\/types\/post"}],"author":[{"embeddable":true,"href":"https:\/\/linitiative.ca\/International\/wp-json\/wp\/v2\/users\/1787"}],"replies":[{"embeddable":true,"href":"https:\/\/linitiative.ca\/International\/wp-json\/wp\/v2\/comments?post=146240"}],"version-history":[{"count":0,"href":"https:\/\/linitiative.ca\/International\/wp-json\/wp\/v2\/posts\/146240\/revisions"}],"wp:attachment":[{"href":"https:\/\/linitiative.ca\/International\/wp-json\/wp\/v2\/media?parent=146240"}],"wp:term":[{"taxonomy":"category","embeddable":true,"href":"https:\/\/linitiative.ca\/International\/wp-json\/wp\/v2\/categories?post=146240"},{"taxonomy":"post_tag","embeddable":true,"href":"https:\/\/linitiative.ca\/International\/wp-json\/wp\/v2\/tags?post=146240"}],"curies":[{"name":"wp","href":"https:\/\/api.w.org\/{rel}","templated":true}]}}