{"id":146242,"date":"2022-04-24T09:49:50","date_gmt":"2022-04-24T13:49:50","guid":{"rendered":"https:\/\/linitiative.ca\/International\/aid-al-fitr-2022-le-centre-international-dastronomie-annonce-la-date\/"},"modified":"2022-04-24T09:49:50","modified_gmt":"2022-04-24T13:49:50","slug":"aid-al-fitr-2022-le-centre-international-dastronomie-annonce-la-date","status":"publish","type":"post","link":"https:\/\/linitiative.ca\/International\/aid-al-fitr-2022-le-centre-international-dastronomie-annonce-la-date\/","title":{"rendered":"A\u00efd Al-Fitr 2022. Le centre international d\u2019astronomie annonce la date"},"content":{"rendered":"<div><img decoding=\"async\" width=\"758\" height=\"459\" src=\"https:\/\/linitiative.ca\/International\/wp-content\/uploads\/sites\/23\/2022\/04\/LUNE.jpg\" class=\"attachment-post-thumbnail size-post-thumbnail wp-post-image\" alt=\"\" loading=\"lazy\" srcset=\"https:\/\/linitiative.ca\/International\/wp-content\/uploads\/sites\/23\/2022\/04\/LUNE.jpg 758w, https:\/\/www.challenge.ma\/wp-content\/uploads\/2022\/04\/LUNE-300x182.jpg 300w, https:\/\/www.challenge.ma\/wp-content\/uploads\/2022\/04\/LUNE-360x218.jpg 360w, https:\/\/www.challenge.ma\/wp-content\/uploads\/2022\/04\/LUNE-750x454.jpg 750w\" sizes=\"auto, (max-width: 758px) 100vw, 758px\" itemprop=\"image\">Le centre international d\u2019astronomie, bas\u00e9 \u00e0 Abu Dhabi aux Emirats Arabes Unis, a annonc\u00e9 la date de la fin du mois de Ramadan 2022 dans le monde musulman. Pour le Maroc, il a estim\u00e9 que celui-ci s\u2019ach\u00e8vera le dimanche 1er mai 2022. D\u2019apr\u00e8s son observation, le premier jour de Chawal<\/div>\n<p>Auteur: Adama Sylla<br \/>\n<a href=\"https:\/\/www.challenge.ma\/aid-al-fitr-2022-le-centre-international-dastronomie-annonce-la-date-237388\/\">Cliquez ici pour lire l&rsquo;article depuis sa source.<\/a><\/p>\n","protected":false},"excerpt":{"rendered":"<p>Le centre international d\u2019astronomie, bas\u00e9 \u00e0 Abu Dhabi aux Emirats Arabes Unis, a annonc\u00e9 la date de la fin du mois de Ramadan 2022 dans le monde musulman. Pour le Maroc, il a estim\u00e9 que celui-ci s\u2019ach\u00e8vera le dimanche 1er mai 2022. D\u2019apr\u00e8s son observation, le premier jour de Chawal Auteur: Adama Sylla Cliquez ici [&hellip;]<\/p>\n","protected":false},"author":1787,"featured_media":0,"comment_status":"closed","ping_status":"closed","sticky":false,"template":"","format":"standard","meta":{"fifu_image_url":"https:\/\/www.challenge.ma\/wp-content\/uploads\/2022\/04\/LUNE.jpg","fifu_image_alt":"A\u00efd Al-Fitr 2022. Le centre international d\u2019astronomie annonce la date","footnotes":""},"categories":[78,54],"tags":[],"class_list":["post-146242","post","type-post","status-publish","format-standard","hentry","category-economie","category-maroc"],"_links":{"self":[{"href":"https:\/\/linitiative.ca\/International\/wp-json\/wp\/v2\/posts\/146242","targetHints":{"allow":["GET"]}}],"collection":[{"href":"https:\/\/linitiative.ca\/International\/wp-json\/wp\/v2\/posts"}],"about":[{"href":"https:\/\/linitiative.ca\/International\/wp-json\/wp\/v2\/types\/post"}],"author":[{"embeddable":true,"href":"https:\/\/linitiative.ca\/International\/wp-json\/wp\/v2\/users\/1787"}],"replies":[{"embeddable":true,"href":"https:\/\/linitiative.ca\/International\/wp-json\/wp\/v2\/comments?post=146242"}],"version-history":[{"count":0,"href":"https:\/\/linitiative.ca\/International\/wp-json\/wp\/v2\/posts\/146242\/revisions"}],"wp:attachment":[{"href":"https:\/\/linitiative.ca\/International\/wp-json\/wp\/v2\/media?parent=146242"}],"wp:term":[{"taxonomy":"category","embeddable":true,"href":"https:\/\/linitiative.ca\/International\/wp-json\/wp\/v2\/categories?post=146242"},{"taxonomy":"post_tag","embeddable":true,"href":"https:\/\/linitiative.ca\/International\/wp-json\/wp\/v2\/tags?post=146242"}],"curies":[{"name":"wp","href":"https:\/\/api.w.org\/{rel}","templated":true}]}}