{"id":146244,"date":"2022-04-24T10:21:21","date_gmt":"2022-04-24T14:21:21","guid":{"rendered":"https:\/\/linitiative.ca\/International\/programme-forsa-comment-ca-marche\/"},"modified":"2022-04-24T10:21:21","modified_gmt":"2022-04-24T14:21:21","slug":"programme-forsa-comment-ca-marche","status":"publish","type":"post","link":"https:\/\/linitiative.ca\/International\/programme-forsa-comment-ca-marche\/","title":{"rendered":"Programme \u00ab\u00a0Forsa\u00a0\u00bb. Comment \u00e7a marche"},"content":{"rendered":"<div><img decoding=\"async\" width=\"660\" height=\"440\" src=\"https:\/\/linitiative.ca\/International\/wp-content\/uploads\/sites\/23\/2022\/04\/FORSA.jpg\" class=\"attachment-post-thumbnail size-post-thumbnail wp-post-image\" alt=\"\" loading=\"lazy\" srcset=\"https:\/\/linitiative.ca\/International\/wp-content\/uploads\/sites\/23\/2022\/04\/FORSA.jpg 660w, https:\/\/www.challenge.ma\/wp-content\/uploads\/2022\/04\/FORSA-300x200.jpg 300w, https:\/\/www.challenge.ma\/wp-content\/uploads\/2022\/04\/FORSA-360x240.jpg 360w\" sizes=\"auto, (max-width: 660px) 100vw, 660px\" itemprop=\"image\">Le gouvernement a lanc\u00e9, r\u00e9cemment, \u00ab\u00a0Forsa\u00a0\u00bb, un programme qui vise \u00e0 encourager l\u2019entrepreneuriat en accompagnant les porteurs de projets depuis la phase d\u2019id\u00e9ation jusqu\u2019\u00e0 la r\u00e9alisation effective de leurs projets. Deux semaines apr\u00e8s son lancement officiel, le programme connait un engouement certain aupr\u00e8s de milliers de jeunes Marocains porteurs de<\/div>\n<p>Auteur: Adama Sylla<br \/>\n<a href=\"https:\/\/www.challenge.ma\/programme-forsa-comment-ca-marche-237392\/\">Cliquez ici pour lire l&rsquo;article depuis sa source.<\/a><\/p>\n","protected":false},"excerpt":{"rendered":"<p>Le gouvernement a lanc\u00e9, r\u00e9cemment, \u00ab\u00a0Forsa\u00a0\u00bb, un programme qui vise \u00e0 encourager l\u2019entrepreneuriat en accompagnant les porteurs de projets depuis la phase d\u2019id\u00e9ation jusqu\u2019\u00e0 la r\u00e9alisation effective de leurs projets. Deux semaines apr\u00e8s son lancement officiel, le programme connait un engouement certain aupr\u00e8s de milliers de jeunes Marocains porteurs de Auteur: Adama Sylla Cliquez ici [&hellip;]<\/p>\n","protected":false},"author":1787,"featured_media":0,"comment_status":"closed","ping_status":"closed","sticky":false,"template":"","format":"standard","meta":{"fifu_image_url":"https:\/\/www.challenge.ma\/wp-content\/uploads\/2022\/04\/FORSA.jpg","fifu_image_alt":"Programme \u00ab\u00a0Forsa\u00a0\u00bb. Comment \u00e7a marche","footnotes":""},"categories":[78,54],"tags":[],"class_list":["post-146244","post","type-post","status-publish","format-standard","hentry","category-economie","category-maroc"],"_links":{"self":[{"href":"https:\/\/linitiative.ca\/International\/wp-json\/wp\/v2\/posts\/146244","targetHints":{"allow":["GET"]}}],"collection":[{"href":"https:\/\/linitiative.ca\/International\/wp-json\/wp\/v2\/posts"}],"about":[{"href":"https:\/\/linitiative.ca\/International\/wp-json\/wp\/v2\/types\/post"}],"author":[{"embeddable":true,"href":"https:\/\/linitiative.ca\/International\/wp-json\/wp\/v2\/users\/1787"}],"replies":[{"embeddable":true,"href":"https:\/\/linitiative.ca\/International\/wp-json\/wp\/v2\/comments?post=146244"}],"version-history":[{"count":0,"href":"https:\/\/linitiative.ca\/International\/wp-json\/wp\/v2\/posts\/146244\/revisions"}],"wp:attachment":[{"href":"https:\/\/linitiative.ca\/International\/wp-json\/wp\/v2\/media?parent=146244"}],"wp:term":[{"taxonomy":"category","embeddable":true,"href":"https:\/\/linitiative.ca\/International\/wp-json\/wp\/v2\/categories?post=146244"},{"taxonomy":"post_tag","embeddable":true,"href":"https:\/\/linitiative.ca\/International\/wp-json\/wp\/v2\/tags?post=146244"}],"curies":[{"name":"wp","href":"https:\/\/api.w.org\/{rel}","templated":true}]}}