{"id":146246,"date":"2022-04-24T10:52:44","date_gmt":"2022-04-24T14:52:44","guid":{"rendered":"https:\/\/linitiative.ca\/International\/mondial-2022-lilian-thuram-tacle-lalgerie-un-pays-pleurnichard\/"},"modified":"2022-04-24T10:52:44","modified_gmt":"2022-04-24T14:52:44","slug":"mondial-2022-lilian-thuram-tacle-lalgerie-un-pays-pleurnichard","status":"publish","type":"post","link":"https:\/\/linitiative.ca\/International\/mondial-2022-lilian-thuram-tacle-lalgerie-un-pays-pleurnichard\/","title":{"rendered":"Mondial 2022. Lilian Thuram tacle l\u2019Alg\u00e9rie : \u00ab un pays pleurnichard \u00bb"},"content":{"rendered":"<div><img decoding=\"async\" width=\"764\" height=\"423\" src=\"https:\/\/linitiative.ca\/International\/wp-content\/uploads\/sites\/23\/2022\/04\/THURAM-e1650812359406.jpg\" class=\"attachment-post-thumbnail size-post-thumbnail wp-post-image\" alt=\"\" loading=\"lazy\" srcset=\"https:\/\/linitiative.ca\/International\/wp-content\/uploads\/sites\/23\/2022\/04\/THURAM-e1650812359406.jpg 764w, https:\/\/www.challenge.ma\/wp-content\/uploads\/2022\/04\/THURAM-e1650812359406-300x166.jpg 300w, https:\/\/www.challenge.ma\/wp-content\/uploads\/2022\/04\/THURAM-e1650812359406-360x199.jpg 360w, https:\/\/www.challenge.ma\/wp-content\/uploads\/2022\/04\/THURAM-e1650812359406-750x415.jpg 750w\" sizes=\"auto, (max-width: 764px) 100vw, 764px\" itemprop=\"image\">L\u2019ancien international fran\u00e7ais, Lilian Thuram, fustige l\u2019attitude des Alg\u00e9riens qui veulent, \u00e0 tout prix, une reprise d\u2019un match comptant pour les qualifications pour la Coupe du monde Qatar 2022. Alors que les Alg\u00e9riens continuent de r\u00e9clamer apr\u00e8s leur d\u00e9faite face au Cameroun \u00e0 Blida que le match soit rejou\u00e9, Lilian<\/div>\n<p>Auteur: Adama Sylla<br \/>\n<a href=\"https:\/\/www.challenge.ma\/mondial-2022-lilian-thuram-tacle-lalgerie-un-pays-pleurnichard-237396\/\">Cliquez ici pour lire l&rsquo;article depuis sa source.<\/a><\/p>\n","protected":false},"excerpt":{"rendered":"<p>L\u2019ancien international fran\u00e7ais, Lilian Thuram, fustige l\u2019attitude des Alg\u00e9riens qui veulent, \u00e0 tout prix, une reprise d\u2019un match comptant pour les qualifications pour la Coupe du monde Qatar 2022. Alors que les Alg\u00e9riens continuent de r\u00e9clamer apr\u00e8s leur d\u00e9faite face au Cameroun \u00e0 Blida que le match soit rejou\u00e9, Lilian Auteur: Adama Sylla Cliquez ici [&hellip;]<\/p>\n","protected":false},"author":1787,"featured_media":0,"comment_status":"closed","ping_status":"closed","sticky":false,"template":"","format":"standard","meta":{"fifu_image_url":"https:\/\/www.challenge.ma\/wp-content\/uploads\/2022\/04\/THURAM-e1650812359406.jpg","fifu_image_alt":"Mondial 2022. Lilian Thuram tacle l\u2019Alg\u00e9rie : \u00ab un pays pleurnichard \u00bb","footnotes":""},"categories":[78,54],"tags":[],"class_list":["post-146246","post","type-post","status-publish","format-standard","hentry","category-economie","category-maroc"],"_links":{"self":[{"href":"https:\/\/linitiative.ca\/International\/wp-json\/wp\/v2\/posts\/146246","targetHints":{"allow":["GET"]}}],"collection":[{"href":"https:\/\/linitiative.ca\/International\/wp-json\/wp\/v2\/posts"}],"about":[{"href":"https:\/\/linitiative.ca\/International\/wp-json\/wp\/v2\/types\/post"}],"author":[{"embeddable":true,"href":"https:\/\/linitiative.ca\/International\/wp-json\/wp\/v2\/users\/1787"}],"replies":[{"embeddable":true,"href":"https:\/\/linitiative.ca\/International\/wp-json\/wp\/v2\/comments?post=146246"}],"version-history":[{"count":0,"href":"https:\/\/linitiative.ca\/International\/wp-json\/wp\/v2\/posts\/146246\/revisions"}],"wp:attachment":[{"href":"https:\/\/linitiative.ca\/International\/wp-json\/wp\/v2\/media?parent=146246"}],"wp:term":[{"taxonomy":"category","embeddable":true,"href":"https:\/\/linitiative.ca\/International\/wp-json\/wp\/v2\/categories?post=146246"},{"taxonomy":"post_tag","embeddable":true,"href":"https:\/\/linitiative.ca\/International\/wp-json\/wp\/v2\/tags?post=146246"}],"curies":[{"name":"wp","href":"https:\/\/api.w.org\/{rel}","templated":true}]}}