{"id":146249,"date":"2022-04-24T15:09:24","date_gmt":"2022-04-24T19:09:24","guid":{"rendered":"https:\/\/linitiative.ca\/International\/reelection-de-macron-jupiter-saura-t-il-relever-le-defi-de-la-montee-du-sentiment-anti-francais-en-afrique\/"},"modified":"2022-04-24T15:09:24","modified_gmt":"2022-04-24T19:09:24","slug":"reelection-de-macron-jupiter-saura-t-il-relever-le-defi-de-la-montee-du-sentiment-anti-francais-en-afrique","status":"publish","type":"post","link":"https:\/\/linitiative.ca\/International\/reelection-de-macron-jupiter-saura-t-il-relever-le-defi-de-la-montee-du-sentiment-anti-francais-en-afrique\/","title":{"rendered":"REELECTION DE MACRON : Jupiter saura-t-il relever le d\u00e9fi de la mont\u00e9e du sentiment anti-fran\u00e7ais en Afrique\u00a0?"},"content":{"rendered":"<div>\n<p><img decoding=\"async\" width=\"770\" height=\"559\" src=\"https:\/\/linitiative.ca\/International\/wp-content\/uploads\/sites\/23\/2022\/04\/macron.jpg\" class=\"attachment- size- wp-post-image\" alt=\"\" loading=\"lazy\" style=\"float:left; margin:0 15px 15px 0;\" srcset=\"https:\/\/linitiative.ca\/International\/wp-content\/uploads\/sites\/23\/2022\/04\/macron.jpg 770w, https:\/\/lepays.bf\/wp-content\/uploads\/2022\/04\/macron-300x218.jpg 300w, https:\/\/lepays.bf\/wp-content\/uploads\/2022\/04\/macron-150x109.jpg 150w, https:\/\/lepays.bf\/wp-content\/uploads\/2022\/04\/macron-768x558.jpg 768w\" sizes=\"auto, (max-width: 770px) 100vw, 770px\">Les \u00e9lecteurs et les \u00e9lectrices de la France m\u00e9tropolitaine se sont rendus aux urnes, le 24 avril dernier pour le second tour de l\u2019\u00e9lection pr\u00e9sidentielle. Ceux et celles de l\u2019Outre-mer et de l\u2019\u00e9tranger l\u2019ont fait la veille. L\u2019objectif \u00e9tait de choisir entre les deux finalistes, [\u2026]<\/p>\n<p>L\u2019article <a rel=\"nofollow\" href=\"https:\/\/lepays.bf\/reelection-de-macron-jupiter-saura-t-il-relever-le-defi-de-la-montee-du-sentiment-anti-francais-en-afrique\/\">REELECTION DE MACRON : Jupiter saura-t-il relever le d\u00e9fi de la mont\u00e9e du sentiment anti-fran\u00e7ais en Afrique\u00a0?<\/a> est apparu en premier sur <a rel=\"nofollow\" href=\"https:\/\/lepays.bf\/\">Editions Le Pays<\/a>.<\/p>\n<\/div>\n<p>Auteur: Editions LEPAYS<br \/>\n<a href=\"https:\/\/lepays.bf\/reelection-de-macron-jupiter-saura-t-il-relever-le-defi-de-la-montee-du-sentiment-anti-francais-en-afrique\/\">Cliquez ici pour lire l&rsquo;article depuis sa source.<\/a><\/p>\n","protected":false},"excerpt":{"rendered":"<p>Les \u00e9lecteurs et les \u00e9lectrices de la France m\u00e9tropolitaine se sont rendus aux urnes, le 24 avril dernier pour le second tour de l\u2019\u00e9lection pr\u00e9sidentielle. Ceux et celles de l\u2019Outre-mer et de l\u2019\u00e9tranger l\u2019ont fait la veille. L\u2019objectif \u00e9tait de choisir entre les deux finalistes, [\u2026] L\u2019article REELECTION DE MACRON : Jupiter saura-t-il relever le [&hellip;]<\/p>\n","protected":false},"author":1813,"featured_media":0,"comment_status":"closed","ping_status":"closed","sticky":false,"template":"","format":"standard","meta":{"fifu_image_url":"https:\/\/lepays.bf\/wp-content\/uploads\/2022\/04\/macron.jpg","fifu_image_alt":"REELECTION DE MACRON : Jupiter saura-t-il relever le d\u00e9fi de la mont\u00e9e du sentiment anti-fran\u00e7ais en Afrique\u00a0?","footnotes":""},"categories":[73,81],"tags":[],"class_list":["post-146249","post","type-post","status-publish","format-standard","hentry","category-actualite","category-burkina-faso"],"_links":{"self":[{"href":"https:\/\/linitiative.ca\/International\/wp-json\/wp\/v2\/posts\/146249","targetHints":{"allow":["GET"]}}],"collection":[{"href":"https:\/\/linitiative.ca\/International\/wp-json\/wp\/v2\/posts"}],"about":[{"href":"https:\/\/linitiative.ca\/International\/wp-json\/wp\/v2\/types\/post"}],"author":[{"embeddable":true,"href":"https:\/\/linitiative.ca\/International\/wp-json\/wp\/v2\/users\/1813"}],"replies":[{"embeddable":true,"href":"https:\/\/linitiative.ca\/International\/wp-json\/wp\/v2\/comments?post=146249"}],"version-history":[{"count":0,"href":"https:\/\/linitiative.ca\/International\/wp-json\/wp\/v2\/posts\/146249\/revisions"}],"wp:attachment":[{"href":"https:\/\/linitiative.ca\/International\/wp-json\/wp\/v2\/media?parent=146249"}],"wp:term":[{"taxonomy":"category","embeddable":true,"href":"https:\/\/linitiative.ca\/International\/wp-json\/wp\/v2\/categories?post=146249"},{"taxonomy":"post_tag","embeddable":true,"href":"https:\/\/linitiative.ca\/International\/wp-json\/wp\/v2\/tags?post=146249"}],"curies":[{"name":"wp","href":"https:\/\/api.w.org\/{rel}","templated":true}]}}