{"id":146251,"date":"2022-04-24T15:13:05","date_gmt":"2022-04-24T19:13:05","guid":{"rendered":"https:\/\/linitiative.ca\/International\/election-dun-nouveau-president-a-la-fif-yacine-idriss-diallo-sera-t-il-a-la-hauteur-des-defis\/"},"modified":"2022-04-24T15:13:05","modified_gmt":"2022-04-24T19:13:05","slug":"election-dun-nouveau-president-a-la-fif-yacine-idriss-diallo-sera-t-il-a-la-hauteur-des-defis","status":"publish","type":"post","link":"https:\/\/linitiative.ca\/International\/election-dun-nouveau-president-a-la-fif-yacine-idriss-diallo-sera-t-il-a-la-hauteur-des-defis\/","title":{"rendered":"ELECTION D\u2019UN NOUVEAU PRESIDENT A LA FIF : Yacine Idriss Diallo sera-t-il \u00e0 la hauteur des d\u00e9fis\u00a0?  \u00a0"},"content":{"rendered":"<div>\n<p><img decoding=\"async\" width=\"2048\" height=\"1380\" src=\"https:\/\/linitiative.ca\/International\/wp-content\/uploads\/sites\/23\/2022\/04\/diallo.jpg\" class=\"attachment- size- wp-post-image\" alt=\"\" loading=\"lazy\" style=\"float:left; margin:0 15px 15px 0;\" srcset=\"https:\/\/linitiative.ca\/International\/wp-content\/uploads\/sites\/23\/2022\/04\/diallo.jpg 2048w, https:\/\/lepays.bf\/wp-content\/uploads\/2022\/04\/diallo-300x202.jpg 300w, https:\/\/lepays.bf\/wp-content\/uploads\/2022\/04\/diallo-1024x690.jpg 1024w, https:\/\/lepays.bf\/wp-content\/uploads\/2022\/04\/diallo-150x101.jpg 150w, https:\/\/lepays.bf\/wp-content\/uploads\/2022\/04\/diallo-768x518.jpg 768w, https:\/\/lepays.bf\/wp-content\/uploads\/2022\/04\/diallo-1536x1035.jpg 1536w, https:\/\/lepays.bf\/wp-content\/uploads\/2022\/04\/diallo-1300x876.jpg 1300w, https:\/\/lepays.bf\/wp-content\/uploads\/2022\/04\/diallo-128x86.jpg 128w\" sizes=\"auto, (max-width: 2048px) 100vw, 2048px\">Yacine Idriss Diallo est le tout nouveau pr\u00e9sident de la F\u00e9d\u00e9ration ivoirienne de football (FIF) avec 63 voix contre 61 voix pour son challenger, Sory Diabat\u00e9. C\u2019\u00e9tait au sortir d\u2019un scrutin tr\u00e8s attendu qui s\u2019est d\u00e9roul\u00e9 le 23 avril 2022, lors de l\u2019assembl\u00e9e g\u00e9n\u00e9rale \u00e9lective [\u2026]<\/p>\n<p>L\u2019article <a rel=\"nofollow\" href=\"https:\/\/lepays.bf\/election-dun-nouveau-president-a-la-fif-yacine-idriss-diallo-sera-t-il-a-la-hauteur-des-defis\/\">ELECTION D\u2019UN NOUVEAU PRESIDENT A LA FIF : Yacine Idriss Diallo sera-t-il \u00e0 la hauteur des d\u00e9fis\u00a0?  \u00a0<\/a> est apparu en premier sur <a rel=\"nofollow\" href=\"https:\/\/lepays.bf\/\">Editions Le Pays<\/a>.<\/p>\n<\/div>\n<p>Auteur: Editions LEPAYS<br \/>\n<a href=\"https:\/\/lepays.bf\/election-dun-nouveau-president-a-la-fif-yacine-idriss-diallo-sera-t-il-a-la-hauteur-des-defis\/\">Cliquez ici pour lire l&rsquo;article depuis sa source.<\/a><\/p>\n","protected":false},"excerpt":{"rendered":"<p>Yacine Idriss Diallo est le tout nouveau pr\u00e9sident de la F\u00e9d\u00e9ration ivoirienne de football (FIF) avec 63 voix contre 61 voix pour son challenger, Sory Diabat\u00e9. C\u2019\u00e9tait au sortir d\u2019un scrutin tr\u00e8s attendu qui s\u2019est d\u00e9roul\u00e9 le 23 avril 2022, lors de l\u2019assembl\u00e9e g\u00e9n\u00e9rale \u00e9lective [\u2026] L\u2019article ELECTION D\u2019UN NOUVEAU PRESIDENT A LA FIF : [&hellip;]<\/p>\n","protected":false},"author":1813,"featured_media":0,"comment_status":"closed","ping_status":"closed","sticky":false,"template":"","format":"standard","meta":{"fifu_image_url":"https:\/\/lepays.bf\/wp-content\/uploads\/2022\/04\/diallo.jpg","fifu_image_alt":"ELECTION D\u2019UN NOUVEAU PRESIDENT A LA FIF : Yacine Idriss Diallo sera-t-il \u00e0 la hauteur des d\u00e9fis\u00a0?  \u00a0","footnotes":""},"categories":[73,81],"tags":[],"class_list":["post-146251","post","type-post","status-publish","format-standard","hentry","category-actualite","category-burkina-faso"],"_links":{"self":[{"href":"https:\/\/linitiative.ca\/International\/wp-json\/wp\/v2\/posts\/146251","targetHints":{"allow":["GET"]}}],"collection":[{"href":"https:\/\/linitiative.ca\/International\/wp-json\/wp\/v2\/posts"}],"about":[{"href":"https:\/\/linitiative.ca\/International\/wp-json\/wp\/v2\/types\/post"}],"author":[{"embeddable":true,"href":"https:\/\/linitiative.ca\/International\/wp-json\/wp\/v2\/users\/1813"}],"replies":[{"embeddable":true,"href":"https:\/\/linitiative.ca\/International\/wp-json\/wp\/v2\/comments?post=146251"}],"version-history":[{"count":0,"href":"https:\/\/linitiative.ca\/International\/wp-json\/wp\/v2\/posts\/146251\/revisions"}],"wp:attachment":[{"href":"https:\/\/linitiative.ca\/International\/wp-json\/wp\/v2\/media?parent=146251"}],"wp:term":[{"taxonomy":"category","embeddable":true,"href":"https:\/\/linitiative.ca\/International\/wp-json\/wp\/v2\/categories?post=146251"},{"taxonomy":"post_tag","embeddable":true,"href":"https:\/\/linitiative.ca\/International\/wp-json\/wp\/v2\/tags?post=146251"}],"curies":[{"name":"wp","href":"https:\/\/api.w.org\/{rel}","templated":true}]}}