{"id":146253,"date":"2022-04-24T15:16:37","date_gmt":"2022-04-24T19:16:37","guid":{"rendered":"https:\/\/linitiative.ca\/International\/mali-burkina-guinee-lultimatum-expire-que-fera-maintenant-la-cedeao\/"},"modified":"2022-04-24T15:16:37","modified_gmt":"2022-04-24T19:16:37","slug":"mali-burkina-guinee-lultimatum-expire-que-fera-maintenant-la-cedeao","status":"publish","type":"post","link":"https:\/\/linitiative.ca\/International\/mali-burkina-guinee-lultimatum-expire-que-fera-maintenant-la-cedeao\/","title":{"rendered":"MALI, BURKINA, GUINEE : L\u2019ultimatum expir\u00e9, que fera maintenant la CEDEAO\u00a0?"},"content":{"rendered":"<div>\n<p><img loading=\"lazy\" decoding=\"async\" width=\"1284\" height=\"761\" src=\"https:\/\/linitiative.ca\/International\/wp-content\/uploads\/sites\/23\/2022\/04\/cedeao.png\" class=\"attachment- size- wp-post-image\" alt=\"\" style=\"float:left; margin:0 15px 15px 0;\" srcset=\"https:\/\/linitiative.ca\/International\/wp-content\/uploads\/sites\/23\/2022\/04\/cedeao.png 1284w, https:\/\/lepays.bf\/wp-content\/uploads\/2022\/04\/cedeao-300x178.png 300w, https:\/\/lepays.bf\/wp-content\/uploads\/2022\/04\/cedeao-1024x607.png 1024w, https:\/\/lepays.bf\/wp-content\/uploads\/2022\/04\/cedeao-150x89.png 150w, https:\/\/lepays.bf\/wp-content\/uploads\/2022\/04\/cedeao-768x455.png 768w\" sizes=\"auto, (max-width: 1284px) 100vw, 1284px\">Les autorit\u00e9s militaires du Mali, du Burkina Faso et de la Guin\u00e9e avaient, aux termes de l\u2019ultimatum lanc\u00e9 par la Communaut\u00e9 \u00e9conomique des Etats de l\u2019Afrique de l\u2019Ouest (CEDEAO) lors de son dernier sommet tenu \u00e0 Accra, jusqu\u2019\u00e0 ce 25 avril pour dissiper les doutes [\u2026]<\/p>\n<p>L\u2019article <a rel=\"nofollow\" href=\"https:\/\/lepays.bf\/mali-burkina-guinee-lultimatum-expire-que-fera-maintenant-la-cedeao\/\">MALI, BURKINA, GUINEE : L\u2019ultimatum expir\u00e9, que fera maintenant la CEDEAO\u00a0?<\/a> est apparu en premier sur <a rel=\"nofollow\" href=\"https:\/\/lepays.bf\/\">Editions Le Pays<\/a>.<\/p>\n<\/div>\n<p>Auteur: Editions LEPAYS<br \/>\n<a href=\"https:\/\/lepays.bf\/mali-burkina-guinee-lultimatum-expire-que-fera-maintenant-la-cedeao\/\">Cliquez ici pour lire l&rsquo;article depuis sa source.<\/a><\/p>\n","protected":false},"excerpt":{"rendered":"<p>Les autorit\u00e9s militaires du Mali, du Burkina Faso et de la Guin\u00e9e avaient, aux termes de l\u2019ultimatum lanc\u00e9 par la Communaut\u00e9 \u00e9conomique des Etats de l\u2019Afrique de l\u2019Ouest (CEDEAO) lors de son dernier sommet tenu \u00e0 Accra, jusqu\u2019\u00e0 ce 25 avril pour dissiper les doutes [\u2026] L\u2019article MALI, BURKINA, GUINEE : L\u2019ultimatum expir\u00e9, que fera [&hellip;]<\/p>\n","protected":false},"author":1813,"featured_media":0,"comment_status":"closed","ping_status":"closed","sticky":false,"template":"","format":"standard","meta":{"fifu_image_url":"https:\/\/lepays.bf\/wp-content\/uploads\/2022\/04\/cedeao.png","fifu_image_alt":"MALI, BURKINA, GUINEE : L\u2019ultimatum expir\u00e9, que fera maintenant la CEDEAO\u00a0?","footnotes":""},"categories":[73,81],"tags":[],"class_list":["post-146253","post","type-post","status-publish","format-standard","hentry","category-actualite","category-burkina-faso"],"_links":{"self":[{"href":"https:\/\/linitiative.ca\/International\/wp-json\/wp\/v2\/posts\/146253","targetHints":{"allow":["GET"]}}],"collection":[{"href":"https:\/\/linitiative.ca\/International\/wp-json\/wp\/v2\/posts"}],"about":[{"href":"https:\/\/linitiative.ca\/International\/wp-json\/wp\/v2\/types\/post"}],"author":[{"embeddable":true,"href":"https:\/\/linitiative.ca\/International\/wp-json\/wp\/v2\/users\/1813"}],"replies":[{"embeddable":true,"href":"https:\/\/linitiative.ca\/International\/wp-json\/wp\/v2\/comments?post=146253"}],"version-history":[{"count":0,"href":"https:\/\/linitiative.ca\/International\/wp-json\/wp\/v2\/posts\/146253\/revisions"}],"wp:attachment":[{"href":"https:\/\/linitiative.ca\/International\/wp-json\/wp\/v2\/media?parent=146253"}],"wp:term":[{"taxonomy":"category","embeddable":true,"href":"https:\/\/linitiative.ca\/International\/wp-json\/wp\/v2\/categories?post=146253"},{"taxonomy":"post_tag","embeddable":true,"href":"https:\/\/linitiative.ca\/International\/wp-json\/wp\/v2\/tags?post=146253"}],"curies":[{"name":"wp","href":"https:\/\/api.w.org\/{rel}","templated":true}]}}