{"id":146256,"date":"2022-04-24T16:30:11","date_gmt":"2022-04-24T20:30:11","guid":{"rendered":"https:\/\/linitiative.ca\/International\/communaute-catholique-les-pelerinages-reprennent-bientot\/"},"modified":"2022-04-24T16:30:11","modified_gmt":"2022-04-24T20:30:11","slug":"communaute-catholique-les-pelerinages-reprennent-bientot","status":"publish","type":"post","link":"https:\/\/linitiative.ca\/International\/communaute-catholique-les-pelerinages-reprennent-bientot\/","title":{"rendered":"Communaut\u00e9 catholique : les p\u00e8lerinages reprennent bient\u00f4t"},"content":{"rendered":"<div>\n<p><strong>La Commission \u00e9piscopale des p\u00e8lerinages et congr\u00e8s eucharistiques (CEPCE) a rencontr\u00e9, le jeudi 21 avril 2022 \u00e0 Ouagadougou, la presse pour annoncer la reprise des p\u00e8lerinages catholiques. <\/strong><\/p>\n<p>Depuis d\u00e9cembre 2019, la d\u00e9couverte de la pand\u00e9mie \u00e0 Coronavirus a perturb\u00e9 l\u2019ordre mondial notamment les syst\u00e8mes et organisations sociales, politiques, sanitaires et \u00e9conomiques, culturels et religieux. Mais selon le dicton : \u00ab Apr\u00e8s la pluie, vient le beau temps \u00bb. Ainsi, m\u00eame si le ciel ne s\u2019est pas totalement \u00e9clairci peut-on le dire, il permet \u00e0 la vie de reprendre son cours. C\u2019est dans ce sens que l\u2019Eglise catholique a d\u00e9cid\u00e9 de la reprise de ses p\u00e8lerinages dans les diff\u00e9rents sanctuaires \u00e0 travers le monde.<\/p>\n<p>Pour annoncer la \u2019\u2019bonne nouvelle\u2019\u2019, la Commission \u00e9piscopale des p\u00e8lerinages et congr\u00e8s eucharistiques (CEPCE) a convi\u00e9, le jeudi 21 avril 2022, la presse \u00e0 une conf\u00e9rence \u00e0 ce sujet. Selon le pr\u00e9sident de ladite commission, l\u2019archev\u00eaque de Bobo-Dioulasso, Monseigneur Paul Ou\u00e9draogo, l\u2019Eglise catholique, dans l\u2019organisation des p\u00e8lerinages et congr\u00e8s eucharistiques, vise \u00e0 donner le label catholique \u00e0 ces voyages motiv\u00e9s sur la foi. Cette ann\u00e9e, a-t-il annonc\u00e9, en plus des programmes des p\u00e8lerinages 2022 concoct\u00e9s par la CEPCE, cinq op\u00e9rateurs et agences de voyages autoris\u00e9s ont \u00e9t\u00e9 choisis pour organiser ces types de voyages apr\u00e8s une s\u00e9lection rigoureuse sur leur capacit\u00e9 d\u2019organisation. Il s\u2019agit de Pacific tour, Agence Sainte Rita, Janiel tour, Keyias Travel et les Ap\u00f4tres du c\u0153ur d\u2019accueil. Est-ce qu\u2019il y a des promoteurs parall\u00e8les qui s\u2019adonnent souvent \u00e0 cette activit\u00e9 ? Quelles sont les pr\u00e9cautions \u00e0 prendre pour ces p\u00e8lerinages? Pourquoi n\u2019avoir pas confi\u00e9 toute l\u2019organisation aux promoteurs priv\u00e9s ? Est-ce que l\u2019Etat intervient dans l\u2019organisation des p\u00e8lerinages catholiques comme c\u2019est le cas pour le Hadj ? A ces pr\u00e9occupations, les membres du pr\u00e9sidium ont affirm\u00e9 que jadis, plusieurs promoteurs menaient l\u2019activit\u00e9 \u00e0 leur convenance.<\/p>\n<h2><strong>L\u2019Eglise, le meilleur promoteur<\/strong><\/h2>\n<p>Toute chose qui posait des probl\u00e8mes sur le plan de la spiritualit\u00e9. \u00ab Nous avons vu des p\u00e8lerins partir sans un pr\u00eatre \u00e0 leur c\u00f4t\u00e9 pour les guider \u00bb, mais aussi, sur le plan de la pr\u00e9paration des p\u00e8lerins en amont comme en aval. \u00ab C\u2019est en cela que la CEPCE, en essayant d\u2019\u00e9viter les abus et de mettre de l\u2019ordre a \u00e9dict\u00e9 un certain nombre de r\u00e8gles et a approch\u00e9 les agences de voyage pour dire qu\u2019elle ne tient pas \u00e0 avoir le monopole de l\u2019organisation des p\u00e8lerinages catholiques mais, elle les coordonnent et elle a un droit de regard sur tout ce qui se passe \u00bb, a-t-il soulign\u00e9. Revenant sur les pr\u00e9cautions, Mgr Paul Ou\u00e9draogo s\u2019est voulu clair. \u00ab Nous n\u2019avons pas encore enterr\u00e9 la pand\u00e9mie. Donc, les pr\u00e9cautions sont celles \u00e9dict\u00e9es par le pays de d\u00e9part et \u00e9galement, par les pays d\u2019accueil et chacun se doit de se pr\u00e9parer en cons\u00e9quence \u00bb, a-t-il insist\u00e9. Par ailleurs, il a aussi laiss\u00e9 entendre que le premier et le meilleur promoteur des p\u00e8lerinages catholiques, c\u2019est l\u2019Eglise catholique.<\/p>\n<p>C\u2019est pourquoi, il n\u2019est pas question de confier toute l\u2019organisation aux priv\u00e9s et la porte qui leur est ouverte ira toujours selon la vision de l\u2019Eglise. Evoquant l\u2019implication de l\u2019Etat dans l\u2019organisation des p\u00e8lerinages catholiques, l\u2019archev\u00eaque a rassur\u00e9 que celui-ci s\u2019est engag\u00e9 \u00e0 les accompagner et \u00e0 collaborer pour la bonne r\u00e9ussite des p\u00e8lerinages. Plusieurs pays d\u2019Afrique, d\u2019Europe, du Moyen-Orient, de l\u2019Am\u00e9rique sont concern\u00e9s par ces p\u00e8lerinages et pour les promoteurs, les prix sont fonctions du sanctuaire, mais a rassur\u00e9 : \u00ab ce sont des prix biens \u00e9tudi\u00e9s pour vous permettre d\u2019accomplir votre acte de foi en toute qui\u00e9tude et dans des bonnes conditions \u00bb, a pr\u00e9cis\u00e9, Herv\u00e9 Yoda de Janiel Tour. Et pour de plus amples informations, a-t-il conclu, rendez-vous au si\u00e8ge de la CEPCE, \u00e0 Radio Maria ou dans les agences agr\u00e9\u00e9es.<\/p>\n<p style=\"text-align: right\"><strong>Donald Wendpouir\u00e9 NIKIEMA tousunis.do@gmail.com <\/strong><\/p>\n<p>L\u2019article <a rel=\"nofollow\" href=\"https:\/\/www.sidwaya.info\/blog\/2022\/04\/24\/communaute-catholique-les-pelerinages-reprennent-bientot\/\">Communaut\u00e9 catholique : les p\u00e8lerinages reprennent bient\u00f4t<\/a> est apparu en premier sur <a rel=\"nofollow\" href=\"https:\/\/www.sidwaya.info\/\">Quotidien Sidwaya<\/a>.<\/p>\n<\/div>\n<p>Auteur: JK. Sidwaya<br \/>\n<a href=\"https:\/\/www.sidwaya.info\/blog\/2022\/04\/24\/communaute-catholique-les-pelerinages-reprennent-bientot\/?utm_source=rss&#038;utm_medium=rss&#038;utm_campaign=communaute-catholique-les-pelerinages-reprennent-bientot\">Cliquez ici pour lire l&rsquo;article depuis sa source.<\/a><\/p>\n","protected":false},"excerpt":{"rendered":"<p>La Commission \u00e9piscopale des p\u00e8lerinages et congr\u00e8s eucharistiques (CEPCE) a rencontr\u00e9, le jeudi 21 avril 2022 \u00e0 Ouagadougou, la presse pour annoncer la reprise des p\u00e8lerinages catholiques. Depuis d\u00e9cembre 2019, la d\u00e9couverte de la pand\u00e9mie \u00e0 Coronavirus a perturb\u00e9 l\u2019ordre mondial notamment les syst\u00e8mes et organisations sociales, politiques, sanitaires et \u00e9conomiques, culturels et religieux. Mais [&hellip;]<\/p>\n","protected":false},"author":1816,"featured_media":0,"comment_status":"closed","ping_status":"closed","sticky":false,"template":"","format":"standard","meta":{"fifu_image_url":"","fifu_image_alt":"","footnotes":""},"categories":[73,81],"tags":[],"class_list":["post-146256","post","type-post","status-publish","format-standard","hentry","category-actualite","category-burkina-faso"],"_links":{"self":[{"href":"https:\/\/linitiative.ca\/International\/wp-json\/wp\/v2\/posts\/146256","targetHints":{"allow":["GET"]}}],"collection":[{"href":"https:\/\/linitiative.ca\/International\/wp-json\/wp\/v2\/posts"}],"about":[{"href":"https:\/\/linitiative.ca\/International\/wp-json\/wp\/v2\/types\/post"}],"author":[{"embeddable":true,"href":"https:\/\/linitiative.ca\/International\/wp-json\/wp\/v2\/users\/1816"}],"replies":[{"embeddable":true,"href":"https:\/\/linitiative.ca\/International\/wp-json\/wp\/v2\/comments?post=146256"}],"version-history":[{"count":0,"href":"https:\/\/linitiative.ca\/International\/wp-json\/wp\/v2\/posts\/146256\/revisions"}],"wp:attachment":[{"href":"https:\/\/linitiative.ca\/International\/wp-json\/wp\/v2\/media?parent=146256"}],"wp:term":[{"taxonomy":"category","embeddable":true,"href":"https:\/\/linitiative.ca\/International\/wp-json\/wp\/v2\/categories?post=146256"},{"taxonomy":"post_tag","embeddable":true,"href":"https:\/\/linitiative.ca\/International\/wp-json\/wp\/v2\/tags?post=146256"}],"curies":[{"name":"wp","href":"https:\/\/api.w.org\/{rel}","templated":true}]}}