{"id":146257,"date":"2022-04-24T16:34:01","date_gmt":"2022-04-24T20:34:01","guid":{"rendered":"https:\/\/linitiative.ca\/International\/presidentielle-francaise-emmanuel-macron-reelu\/"},"modified":"2022-04-24T16:34:01","modified_gmt":"2022-04-24T20:34:01","slug":"presidentielle-francaise-emmanuel-macron-reelu","status":"publish","type":"post","link":"https:\/\/linitiative.ca\/International\/presidentielle-francaise-emmanuel-macron-reelu\/","title":{"rendered":"Pr\u00e9sidentielle fran\u00e7aise  : Emmanuel Macron r\u00e9\u00e9lu"},"content":{"rendered":"<div>\n<p><strong>Le pr\u00e9sident fran\u00e7ais sortant Emmanuel a \u00e9t\u00e9 r\u00e9\u00e9lu, hier dimanche 24 avril 2022, \u00e0 l\u2019issue du second tour de l\u2019\u00e9lection pr\u00e9sidentielle. Il a obtenu 58,2% des voix contre 41,8% pour la candidate du Rassemblement national, Marine Le Pen.<\/strong><\/p>\n<p>Les r\u00e9sultats du second tour de l\u2019\u00e9lection pr\u00e9sidentielle fran\u00e7aise ont livr\u00e9, dans la soir\u00e9e d\u2019hier dimanche 24 avril 2022, leur verdict. Le candidat de la R\u00e9publique en marche, Emmanuel Macron, est r\u00e9\u00e9lu Pr\u00e9sident de la France. Il a obtenu 58,2% des suffrages. Quant \u00e0 Marine Le Pen, candidate du Rassemblement national, elle s\u2019est inclin\u00e9e avec 41,8% des voix et le taux d\u2019abstention est de 28,2%, selon les estimations d\u2019Ipsos-Sopra Steria pour France T\u00e9l\u00e9visions, Radio France, France24-RFI-MCD. La candidate de l\u2019extr\u00eame droite a estim\u00e9 que son score est \u00ab une \u00e9clatante victoire \u00bb. \u00ab Des millions de nos compatriotes ont fait le choix du camp national et du changement. J\u2019adresse ainsi ma plus profonde gratitude \u00e0 tous ceux qui m\u2019ont fait confiance au premier tour et tous ceux qui, par millions, nous ont rejoint au second. Je poursuivrai mon engagement pour la France et les Fran\u00e7ais, avec l\u2019\u00e9nergie, la pers\u00e9v\u00e9rance et l\u2019affection que vous me connaissez \u00bb, a promis la candidate du Rassemblement national \u00e0 la publication des r\u00e9sultats. Pr\u00e9sents au QG du parti La R\u00e9publique en marche, plusieurs ministres se sont r\u00e9jouis de la large r\u00e9\u00e9lection d\u2019Emmanuel Macron. \u00ab C\u2019est une grande satisfaction. Nous avons assist\u00e9 \u00e0 une forte mobilisation des Fran\u00e7ais pour le maintien de nos valeurs. Les Fran\u00e7ais n\u2019ont pas voulu d\u2019une France qui se r\u00e9tr\u00e9cit \u00bb, a confi\u00e9 le ministre des Affaires \u00e9trang\u00e8res, Jean-Yves Le Drian.<\/p>\n<p>A l\u2019issue du premier tour de l\u2019\u00e9lection pr\u00e9sidentielle en France, sur les 12 candidats qui \u00e9taient en lice, les candidats Emmanuel Macron du parti politique La R\u00e9publique en marche et son challenger Marine Le Pen du Rassemblement national, ayant respectivement obtenu 27,85% et 23,15% des suffrages exprim\u00e9s, avaient \u00e9t\u00e9 retenus pour l\u2019\u00e9ch\u00e9ance du second tour. Au Burkina Faso, les citoyens fran\u00e7ais ont, \u00e0 cet effet, vot\u00e9 hier dimanche 24 avril en d\u00e9but de matin\u00e9e, \u00e0 Ouagadougou et \u00e0 Bobo-Dioulasso, les deux villes o\u00f9 ont \u00e9t\u00e9 implant\u00e9s les bureaux de vote. Dans la capitale burkinab\u00e8, c\u2019est l\u2019Institut fran\u00e7ais sous haute s\u00e9curit\u00e9 qui a servi de cadre pour le suffrage. Ouverts de 8h \u00e0 19h GMT, les bureaux de vote ont connu une forte affluence \u00e0 partir de 10h30. Selon le pr\u00e9sident du bureau de vote de Ouagadougou, Samer Safty, ce sont environ 3000 inscrits Fran\u00e7ais au pays des Hommes int\u00e8gres qui ont \u00e9t\u00e9 appel\u00e9s \u00e0 accomplir leur droit de vote. \u00ab Parmi les inscrits, on a des Fran\u00e7ais d\u2019origine et des binationaux \u00bb, a-t-il affirm\u00e9. M. Safty a, par ailleurs, confi\u00e9 autour de 11h15mn que tout \u00e9tait dans l\u2019ordre pour que le vote puisse bien se d\u00e9rouler. \u00ab Je profite de l\u2019occasion pour remercier les autorit\u00e9s burkinab\u00e8 d\u2019avoir mis en place un dispositif s\u00e9curitaire satisfaisant \u00bb, a laiss\u00e9 entendre Samer Safty.<\/p>\n<p style=\"text-align: right\"><strong> Souma\u00efla BONKOUNGOU <\/strong><\/p>\n<p style=\"text-align: right\"><strong>D\u00f4 DAO (Stagiaire)<\/strong><\/p>\n<p>L\u2019article <a rel=\"nofollow\" href=\"https:\/\/www.sidwaya.info\/blog\/2022\/04\/24\/presidentielle-francaise-emmanuel-macron-reelu\/\">Pr\u00e9sidentielle fran\u00e7aise  : Emmanuel Macron r\u00e9\u00e9lu<\/a> est apparu en premier sur <a rel=\"nofollow\" href=\"https:\/\/www.sidwaya.info\/\">Quotidien Sidwaya<\/a>.<\/p>\n<\/div>\n<p>Auteur: JK. Sidwaya<br \/>\n<a href=\"https:\/\/www.sidwaya.info\/blog\/2022\/04\/24\/presidentielle-francaise-emmanuel-macron-reelu\/?utm_source=rss&#038;utm_medium=rss&#038;utm_campaign=presidentielle-francaise-emmanuel-macron-reelu\">Cliquez ici pour lire l&rsquo;article depuis sa source.<\/a><\/p>\n","protected":false},"excerpt":{"rendered":"<p>Le pr\u00e9sident fran\u00e7ais sortant Emmanuel a \u00e9t\u00e9 r\u00e9\u00e9lu, hier dimanche 24 avril 2022, \u00e0 l\u2019issue du second tour de l\u2019\u00e9lection pr\u00e9sidentielle. Il a obtenu 58,2% des voix contre 41,8% pour la candidate du Rassemblement national, Marine Le Pen. Les r\u00e9sultats du second tour de l\u2019\u00e9lection pr\u00e9sidentielle fran\u00e7aise ont livr\u00e9, dans la soir\u00e9e d\u2019hier dimanche 24 [&hellip;]<\/p>\n","protected":false},"author":1816,"featured_media":0,"comment_status":"closed","ping_status":"closed","sticky":false,"template":"","format":"standard","meta":{"fifu_image_url":"","fifu_image_alt":"","footnotes":""},"categories":[73,81],"tags":[],"class_list":["post-146257","post","type-post","status-publish","format-standard","hentry","category-actualite","category-burkina-faso"],"_links":{"self":[{"href":"https:\/\/linitiative.ca\/International\/wp-json\/wp\/v2\/posts\/146257","targetHints":{"allow":["GET"]}}],"collection":[{"href":"https:\/\/linitiative.ca\/International\/wp-json\/wp\/v2\/posts"}],"about":[{"href":"https:\/\/linitiative.ca\/International\/wp-json\/wp\/v2\/types\/post"}],"author":[{"embeddable":true,"href":"https:\/\/linitiative.ca\/International\/wp-json\/wp\/v2\/users\/1816"}],"replies":[{"embeddable":true,"href":"https:\/\/linitiative.ca\/International\/wp-json\/wp\/v2\/comments?post=146257"}],"version-history":[{"count":0,"href":"https:\/\/linitiative.ca\/International\/wp-json\/wp\/v2\/posts\/146257\/revisions"}],"wp:attachment":[{"href":"https:\/\/linitiative.ca\/International\/wp-json\/wp\/v2\/media?parent=146257"}],"wp:term":[{"taxonomy":"category","embeddable":true,"href":"https:\/\/linitiative.ca\/International\/wp-json\/wp\/v2\/categories?post=146257"},{"taxonomy":"post_tag","embeddable":true,"href":"https:\/\/linitiative.ca\/International\/wp-json\/wp\/v2\/tags?post=146257"}],"curies":[{"name":"wp","href":"https:\/\/api.w.org\/{rel}","templated":true}]}}