{"id":146264,"date":"2022-04-24T14:18:03","date_gmt":"2022-04-24T18:18:03","guid":{"rendered":"https:\/\/linitiative.ca\/International\/emmanuel-macron-reelu-president-de-la-republique-francaise\/"},"modified":"2022-04-24T14:18:03","modified_gmt":"2022-04-24T18:18:03","slug":"emmanuel-macron-reelu-president-de-la-republique-francaise","status":"publish","type":"post","link":"https:\/\/linitiative.ca\/International\/emmanuel-macron-reelu-president-de-la-republique-francaise\/","title":{"rendered":"Emmanuel Macron r\u00e9\u00e9lu pr\u00e9sident de la r\u00e9publique fran\u00e7aise"},"content":{"rendered":"<div>\n<p><img decoding=\"async\" width=\"747\" height=\"563\" src=\"https:\/\/linitiative.ca\/International\/wp-content\/uploads\/sites\/23\/2022\/04\/16508242833529.jpg\" class=\"attachment-post-thumbnail size-post-thumbnail wp-post-image\" alt=\"\" loading=\"lazy\" srcset=\"https:\/\/linitiative.ca\/International\/wp-content\/uploads\/sites\/23\/2022\/04\/16508242833529.jpg 747w, https:\/\/www.journalducameroun.com\/wp-content\/uploads\/2022\/04\/16508242833529-300x226.jpg 300w, https:\/\/www.journalducameroun.com\/wp-content\/uploads\/2022\/04\/16508242833529-584x440.jpg 584w, https:\/\/www.journalducameroun.com\/wp-content\/uploads\/2022\/04\/16508242833529-600x452.jpg 600w\" sizes=\"auto, (max-width: 747px) 100vw, 747px\"><\/p>\n<p>Le pr\u00e9sident sortant devance la candidate du Rassemblement national.Emmanuel Macron a \u00e9t\u00e9 r\u00e9\u00e9lu, dimanche 24 avril, comme pr\u00e9sident de la r\u00e9publique fran\u00e7aise.<br \/>\n\tSelon les estimations publi\u00e9es dimanche soir peu apr\u00e8s 20h, le pr\u00e9sident sortant devance sa rivale, Marine Le Pen, candidate du parti d&rsquo;extr\u00eame-droite le Rassemblement nations (RN) avec un score de pr\u00e8s de 58% contre 41% environ.\u00a0<\/p>\n<p>Cet article <a rel=\"nofollow\" href=\"https:\/\/www.journalducameroun.com\/emmanuel-macron-reelu-president-de-la-republique-francaise\/\">Emmanuel Macron r\u00e9\u00e9lu pr\u00e9sident de la r\u00e9publique fran\u00e7aise<\/a> est apparu en premier sur <a rel=\"nofollow\" href=\"https:\/\/www.journalducameroun.com\/\">Journal du Cameroun<\/a>.<\/p>\n<\/div>\n<p>Auteur: APA News<br \/>\n<a href=\"https:\/\/www.journalducameroun.com\/emmanuel-macron-reelu-president-de-la-republique-francaise\/\">Cliquez ici pour lire l&rsquo;article depuis sa source.<\/a><\/p>\n","protected":false},"excerpt":{"rendered":"<p>Le pr\u00e9sident sortant devance la candidate du Rassemblement national.Emmanuel Macron a \u00e9t\u00e9 r\u00e9\u00e9lu, dimanche 24 avril, comme pr\u00e9sident de la r\u00e9publique fran\u00e7aise. Selon les estimations publi\u00e9es dimanche soir peu apr\u00e8s 20h, le pr\u00e9sident sortant devance sa rivale, Marine Le Pen, candidate du parti d&rsquo;extr\u00eame-droite le Rassemblement nations (RN) avec un score de pr\u00e8s de 58% [&hellip;]<\/p>\n","protected":false},"author":1965,"featured_media":0,"comment_status":"closed","ping_status":"closed","sticky":false,"template":"","format":"standard","meta":{"fifu_image_url":"https:\/\/www.journalducameroun.com\/wp-content\/uploads\/2022\/04\/16508242833529.jpg","fifu_image_alt":"Emmanuel Macron r\u00e9\u00e9lu pr\u00e9sident de la r\u00e9publique fran\u00e7aise","footnotes":""},"categories":[73,82],"tags":[],"class_list":["post-146264","post","type-post","status-publish","format-standard","hentry","category-actualite","category-cameroun"],"_links":{"self":[{"href":"https:\/\/linitiative.ca\/International\/wp-json\/wp\/v2\/posts\/146264","targetHints":{"allow":["GET"]}}],"collection":[{"href":"https:\/\/linitiative.ca\/International\/wp-json\/wp\/v2\/posts"}],"about":[{"href":"https:\/\/linitiative.ca\/International\/wp-json\/wp\/v2\/types\/post"}],"author":[{"embeddable":true,"href":"https:\/\/linitiative.ca\/International\/wp-json\/wp\/v2\/users\/1965"}],"replies":[{"embeddable":true,"href":"https:\/\/linitiative.ca\/International\/wp-json\/wp\/v2\/comments?post=146264"}],"version-history":[{"count":0,"href":"https:\/\/linitiative.ca\/International\/wp-json\/wp\/v2\/posts\/146264\/revisions"}],"wp:attachment":[{"href":"https:\/\/linitiative.ca\/International\/wp-json\/wp\/v2\/media?parent=146264"}],"wp:term":[{"taxonomy":"category","embeddable":true,"href":"https:\/\/linitiative.ca\/International\/wp-json\/wp\/v2\/categories?post=146264"},{"taxonomy":"post_tag","embeddable":true,"href":"https:\/\/linitiative.ca\/International\/wp-json\/wp\/v2\/tags?post=146264"}],"curies":[{"name":"wp","href":"https:\/\/api.w.org\/{rel}","templated":true}]}}