{"id":146266,"date":"2022-04-24T14:18:03","date_gmt":"2022-04-24T18:18:03","guid":{"rendered":"https:\/\/linitiative.ca\/International\/participation-active-de-la-delegation-marocaine-aux-reunions-bm-fmi\/"},"modified":"2022-04-24T14:18:03","modified_gmt":"2022-04-24T18:18:03","slug":"participation-active-de-la-delegation-marocaine-aux-reunions-bm-fmi","status":"publish","type":"post","link":"https:\/\/linitiative.ca\/International\/participation-active-de-la-delegation-marocaine-aux-reunions-bm-fmi\/","title":{"rendered":"Participation active de la d\u00e9l\u00e9gation marocaine aux r\u00e9unions BM-FMI"},"content":{"rendered":"<div>\n<p><img decoding=\"async\" width=\"768\" height=\"555\" src=\"https:\/\/linitiative.ca\/International\/wp-content\/uploads\/sites\/23\/2022\/04\/16508242834152.jpg\" class=\"attachment-post-thumbnail size-post-thumbnail wp-post-image\" alt=\"\" loading=\"lazy\" srcset=\"https:\/\/linitiative.ca\/International\/wp-content\/uploads\/sites\/23\/2022\/04\/16508242834152.jpg 768w, https:\/\/www.journalducameroun.com\/wp-content\/uploads\/2022\/04\/16508242834152-300x217.jpg 300w, https:\/\/www.journalducameroun.com\/wp-content\/uploads\/2022\/04\/16508242834152-609x440.jpg 609w, https:\/\/www.journalducameroun.com\/wp-content\/uploads\/2022\/04\/16508242834152-600x434.jpg 600w\" sizes=\"auto, (max-width: 768px) 100vw, 768px\"><\/p>\n<p>Une d\u00e9l\u00e9gation marocaine conduite par la ministre de l&rsquo;Economie et des Finances, Nadia Fettah, a eu d&rsquo;intenses activit\u00e9s \u00e0 Washington \u00e0 l&rsquo;occasion des travaux des R\u00e9unions de printemps du Groupe de la Banque mondiale (GBM) et du Fonds mon\u00e9taire international (FMI).Tenu du 20 au 24 avril, ce conclave a accueilli une s\u00e9rie de rencontres importantes, notamment la r\u00e9union du Comit\u00e9 de d\u00e9veloppement conjoint du GBM et du FMI et les r\u00e9unions du Groupe consultatif africain avec le pr\u00e9sident du GBM, David Malpass et la Directrice g\u00e9n\u00e9rale du FMI, Kristalina Georgieva.<\/p>\n<p>En sa qualit\u00e9 de pr\u00e9sidente du groupe de pays au sein du Comit\u00e9 de d\u00e9veloppement, constitu\u00e9, outre du Maroc, de l&rsquo;Afghanistan, l&rsquo;Alg\u00e9rie, le Ghana, l&rsquo;Iran, le Pakistan et la Tunisie, Mme Fettah a soulign\u00e9 \u00abl&rsquo;importance de recourir \u00e0 la num\u00e9risation pour promouvoir une croissance vigoureuse et inclusive d&rsquo;une part, et de mettre en \u0153uvre une action collective urgente pour rem\u00e9dier \u00e0 la crise de la dette qui se profile dans les pays en d\u00e9veloppement, d&rsquo;autre part\u00bb, indique un communiqu\u00e9 du minist\u00e8re de l&rsquo;Economie et des Finances publi\u00e9 dimanche.<\/p>\n<p>La ministre a \u00e9galement pr\u00e9sid\u00e9 les r\u00e9unions du Groupe consultatif africain avec la directrice g\u00e9n\u00e9rale du FMI et le pr\u00e9sident du GBM, tenues respectivement les 21 et 22 avril 2022.<\/p>\n<p>Lors de ces r\u00e9unions, Mme Fettah, en tant que pr\u00e9sidente du Caucus africain pour l&rsquo;ann\u00e9e 2022, a mis l&rsquo;accent sur les d\u00e9fis auxquels sont confront\u00e9s la plupart des pays du continent notamment le surendettement, l&rsquo;ins\u00e9curit\u00e9 alimentaire, les fragilit\u00e9s et l&rsquo;adaptation aux changements climatiques, lesquels se sont accentu\u00e9es, a-t-elle dit, par le d\u00e9clenchement de la crise ukrainienne et son impact sur les prix des produits \u00e9nerg\u00e9tiques et alimentaires.<\/p>\n<p>A cet \u00e9gard, la ministre a salu\u00e9 les initiatives des institutions de Bretton Woods pour aider les pays fragiles \u00e0 revenue faible et interm\u00e9diaire \u00e0 faire face \u00e0 ces d\u00e9fis, tout en appelant ces deux institutions, compte tenu de leur positionnement de r\u00e9f\u00e9rence, \u00e0 un \u00abr\u00e9examen de l&rsquo;architecture financi\u00e8re mondiale actuelle pour l&rsquo;adapter aux besoins sp\u00e9cifiques de financement du d\u00e9veloppement des pays africains\u00bb.<\/p>\n<p>En marge de cet \u00e9v\u00e9nement, la ministre de l&rsquo;Economie et des Finances a tenu une r\u00e9union avec la DG du FMI, avec la participation en mode virtuel du gouverneur de la banque centrale, Abdellatif Jouahri.<\/p>\n<p>Lors de cette rencontre, Mme Fettah a mis en avant la volont\u00e9 du gouvernement marocain de poursuivre la dynamique des r\u00e9formes engag\u00e9es par le Royaume, en particulier le programme de g\u00e9n\u00e9ralisation de la protection sociale, le plan de relance \u00e9conomique et la r\u00e9forme du secteur des \u00e9tablissements et entreprises publiques.<\/p>\n<p>La ministre a \u00e9galement salu\u00e9 les initiatives lanc\u00e9es par le FMI, sous le leadership de Mme Georgieva, afin de mieux r\u00e9pondre aux besoins de financement des pays en d\u00e9veloppement, a ajout\u00e9 le communiqu\u00e9.<\/p>\n<p>Mme Georgieva a, pour sa part, f\u00e9licit\u00e9 le Maroc pour la r\u00e9ussite de la campagne de vaccination men\u00e9e pour faire face \u00e0 la pand\u00e9mie, et salu\u00e9 la strat\u00e9gie proactive du Royaume en mati\u00e8re d&rsquo;att\u00e9nuation des effets de la crise et de relance \u00e9conomique.<\/p>\n<p>Par ailleurs, la ministre de l&rsquo;\u00c9conomie et des finances a tenu des r\u00e9unions bilat\u00e9rales avec d&rsquo;autres responsables du GBM et du FMI.<\/p>\n<p>Lors de la r\u00e9union avec le Directeur g\u00e9n\u00e9ral des op\u00e9rations de la Banque mondiale, Axel Van Trotsenburg, les \u00e9changes ont port\u00e9 notamment sur les relations de coop\u00e9ration avec le GBM et son r\u00f4le dans la dynamique \u00e9conomique et sociale du Maroc.<\/p>\n<p>La rencontre avec le Directeur g\u00e9n\u00e9ral de la Soci\u00e9t\u00e9 financi\u00e8re internationale (SFI), Makhtar Diop, a \u00e9t\u00e9 consacr\u00e9e au r\u00f4le du financement priv\u00e9 dans la strat\u00e9gie de d\u00e9veloppement du Royaume.<\/p>\n<p>A cet \u00e9gard, la ministre a invit\u00e9 la SFI \u00e0 renforcer son appui financier et technique pour accompagner les efforts du gouvernement en mati\u00e8re de financements innovants et d&rsquo;am\u00e9lioration des conditions d&rsquo;acc\u00e8s au march\u00e9.<\/p>\n<p>L&rsquo;entretien avec la Vice-pr\u00e9sidente et secr\u00e9taire g\u00e9n\u00e9ral du groupe de la Banque mondiale, Diari\u00e9tou Gaye, a \u00e9t\u00e9 l&rsquo;occasion de discuter de l&rsquo;\u00e9tat d&rsquo;avancement des pr\u00e9paratifs pour l&rsquo;organisation des Assembl\u00e9es annuelles de la Banque mondiale et du FMI qui se d\u00e9rouleront en octobre 2023 \u00e0 Marrakech.<\/p>\n<p>A cet \u00e9gard, Mme Fettah a r\u00e9it\u00e9r\u00e9 l&rsquo;engagement du Royaume \u00e0 assurer la r\u00e9ussite de ce grand \u00e9v\u00e9nement.<\/p>\n<p>En tant que pays h\u00f4te de l&rsquo;\u00e9dition d&rsquo;octobre 2023 des Assembl\u00e9es annuelles du Groupe de la Banque mondiale et du Fonds mon\u00e9taire international, plusieurs s\u00e9quences phares ont permis la promotion de l&rsquo;attractivit\u00e9 \u00e9conomique et culturelle du Maroc au sein des deux institutions, bas\u00e9es \u00e0 Washington, notamment \u00e0 travers des stands d&rsquo;information, des performances musicales et des d\u00e9gustations des saveurs de la gastronomie marocaine.<\/p>\n<p>Cet article <a rel=\"nofollow\" href=\"https:\/\/www.journalducameroun.com\/participation-active-de-la-delegation-marocaine-aux-reunions-bm-fmi\/\">Participation active de la d\u00e9l\u00e9gation marocaine aux r\u00e9unions BM-FMI<\/a> est apparu en premier sur <a rel=\"nofollow\" href=\"https:\/\/www.journalducameroun.com\/\">Journal du Cameroun<\/a>.<\/p>\n<\/div>\n<p>Auteur: APA News<br \/>\n<a href=\"https:\/\/www.journalducameroun.com\/participation-active-de-la-delegation-marocaine-aux-reunions-bm-fmi\/\">Cliquez ici pour lire l&rsquo;article depuis sa source.<\/a><\/p>\n","protected":false},"excerpt":{"rendered":"<p>Une d\u00e9l\u00e9gation marocaine conduite par la ministre de l&rsquo;Economie et des Finances, Nadia Fettah, a eu d&rsquo;intenses activit\u00e9s \u00e0 Washington \u00e0 l&rsquo;occasion des travaux des R\u00e9unions de printemps du Groupe de la Banque mondiale (GBM) et du Fonds mon\u00e9taire international (FMI).Tenu du 20 au 24 avril, ce conclave a accueilli une s\u00e9rie de rencontres importantes, [&hellip;]<\/p>\n","protected":false},"author":1965,"featured_media":0,"comment_status":"closed","ping_status":"closed","sticky":false,"template":"","format":"standard","meta":{"fifu_image_url":"https:\/\/www.journalducameroun.com\/wp-content\/uploads\/2022\/04\/16508242834152.jpg","fifu_image_alt":"Participation active de la d\u00e9l\u00e9gation marocaine aux r\u00e9unions BM-FMI","footnotes":""},"categories":[73,82],"tags":[],"class_list":["post-146266","post","type-post","status-publish","format-standard","hentry","category-actualite","category-cameroun"],"_links":{"self":[{"href":"https:\/\/linitiative.ca\/International\/wp-json\/wp\/v2\/posts\/146266","targetHints":{"allow":["GET"]}}],"collection":[{"href":"https:\/\/linitiative.ca\/International\/wp-json\/wp\/v2\/posts"}],"about":[{"href":"https:\/\/linitiative.ca\/International\/wp-json\/wp\/v2\/types\/post"}],"author":[{"embeddable":true,"href":"https:\/\/linitiative.ca\/International\/wp-json\/wp\/v2\/users\/1965"}],"replies":[{"embeddable":true,"href":"https:\/\/linitiative.ca\/International\/wp-json\/wp\/v2\/comments?post=146266"}],"version-history":[{"count":0,"href":"https:\/\/linitiative.ca\/International\/wp-json\/wp\/v2\/posts\/146266\/revisions"}],"wp:attachment":[{"href":"https:\/\/linitiative.ca\/International\/wp-json\/wp\/v2\/media?parent=146266"}],"wp:term":[{"taxonomy":"category","embeddable":true,"href":"https:\/\/linitiative.ca\/International\/wp-json\/wp\/v2\/categories?post=146266"},{"taxonomy":"post_tag","embeddable":true,"href":"https:\/\/linitiative.ca\/International\/wp-json\/wp\/v2\/tags?post=146266"}],"curies":[{"name":"wp","href":"https:\/\/api.w.org\/{rel}","templated":true}]}}