{"id":146268,"date":"2022-04-24T14:45:14","date_gmt":"2022-04-24T18:45:14","guid":{"rendered":"https:\/\/linitiative.ca\/International\/ligue-1-le-camerounais-toko-ekambi-un-buteur-insulte-par-son-public\/"},"modified":"2022-04-24T14:45:14","modified_gmt":"2022-04-24T18:45:14","slug":"ligue-1-le-camerounais-toko-ekambi-un-buteur-insulte-par-son-public","status":"publish","type":"post","link":"https:\/\/linitiative.ca\/International\/ligue-1-le-camerounais-toko-ekambi-un-buteur-insulte-par-son-public\/","title":{"rendered":"Ligue 1: le camerounais Toko Ekambi, un buteur insult\u00e9 par son public"},"content":{"rendered":"<div>\n<p><img decoding=\"async\" width=\"696\" height=\"392\" src=\"https:\/\/linitiative.ca\/International\/wp-content\/uploads\/sites\/23\/2022\/04\/Toko-Ekambi-chambre-le-public.jpeg\" class=\"attachment-post-thumbnail size-post-thumbnail wp-post-image\" alt=\"\" loading=\"lazy\" srcset=\"https:\/\/linitiative.ca\/International\/wp-content\/uploads\/sites\/23\/2022\/04\/Toko-Ekambi-chambre-le-public.jpeg 696w, https:\/\/www.journalducameroun.com\/wp-content\/uploads\/2022\/04\/Toko-Ekambi-chambre-le-public-300x169.jpeg 300w, https:\/\/www.journalducameroun.com\/wp-content\/uploads\/2022\/04\/Toko-Ekambi-chambre-le-public-780x440.jpeg 780w, https:\/\/www.journalducameroun.com\/wp-content\/uploads\/2022\/04\/Toko-Ekambi-chambre-le-public-380x215.jpeg 380w, https:\/\/www.journalducameroun.com\/wp-content\/uploads\/2022\/04\/Toko-Ekambi-chambre-le-public-160x90.jpeg 160w, https:\/\/www.journalducameroun.com\/wp-content\/uploads\/2022\/04\/Toko-Ekambi-chambre-le-public-240x135.jpeg 240w, https:\/\/www.journalducameroun.com\/wp-content\/uploads\/2022\/04\/Toko-Ekambi-chambre-le-public-600x338.jpeg 600w\" sizes=\"auto, (max-width: 696px) 100vw, 696px\"><\/p>\n<h2 style=\"text-align: justify;\"><strong>Toko Ekambi n&rsquo;est pas en odeur de saintet\u00e9 ces derniers temps \u00e0 Lyon, au point d&rsquo;\u00eatre siffl\u00e9 par son propre public. Dernier exemple en date contre Montpellier samedi soir, au Groupama Stadium lors de la victoire (5-2).\u00a0<\/strong><\/h2>\n<p style=\"text-align: justify;\">Un bref rappel des faits. Tout a commenc\u00e9 lorsque le Camerounais a c\u00e9l\u00e9br\u00e9 son but \u00e0 la 68e minute en chambrant le virage nord, main derri\u00e8re les oreilles puis doigt devant la bouche. A travers ces gestes, l\u2019ancien Sochalien souhaitait certainement exprimer sa d\u00e9sapprobation avec l\u2019attitude des ultras, qui ont r\u00e9cemment d\u00e9cr\u00e9t\u00e9 une gr\u00e8ve des encouragements en cette saison rat\u00e9e pour Lyon. Ce geste a en tout cas \u00e9t\u00e9 tr\u00e8s peu appr\u00e9ci\u00e9 par certains fans qui ont lanc\u00e9 des chants insultant la m\u00e8re du Lion indomptable\u2026<\/p>\n<p style=\"text-align: justify;\">Une information confirm\u00e9e ce dimanche matin lors de l\u2019\u00e9mission\u00a0<strong><em>T\u00e9l\u00e9foot<\/em><\/strong>, sur TF1, la famille de Karl Toko-Ekambi a \u00e9t\u00e9 insult\u00e9e hier lors du match. Des faits qui expliqueraient donc la r\u00e9action sanglante de l\u2019attaquant camerounais. Difficile \u00e0 comprendre les Bad Bones quand on sait que Toko Ekambi est le joueur le plus d\u00e9cisif de l\u2019OL cette saison avec 17 buts inscrits toutes comp\u00e9titions confondues.<\/p>\n<p style=\"text-align: justify;\">Une fracture confirm\u00e9e par Moussa Demb\u00e9l\u00e9, le num\u00e9ro 9 lyonnais et capitaine qui a pris la parole pour l\u00e2cher des mots terribles\u00a0!\u00a0<em>\u00ab\u00a0L&rsquo;attitude des supporters \u00e0 notre encontre est tr\u00e8s d\u00e9cevante. Ils sont l\u00e0 pour nous soutenir et nous motiver. Cette ann\u00e9e, ils nous ont beaucoup port\u00e9 pr\u00e9judice avec la perte d&rsquo;un point et l&rsquo;\u00e9limination\u00a0sur tapis vert en Coupe de France. C&rsquo;est d\u00e9cevant d&rsquo;avoir des gens comme cela autour d&rsquo;un terrain de football\u00a0\u00bb,<\/em>\u00a0a d\u00e9clar\u00e9 Demb\u00e9l\u00e9 devant la presse. Des propos qui devraient faire date&#8230;<\/p>\n<p style=\"text-align: justify;\"><strong>Incompr\u00e9hension de son entra\u00eeneur<\/strong><\/p>\n<p style=\"text-align: justify;\">Un traitement sur lequel est revenu le pr\u00e9sident de Lyon\u00a0Jean-Michel Aulas \u00ab\u00a0Je suis vraiment malheureux de voir la r\u00e9action de ces quelques supporters qui se sont mis en travers. Karl peut \u00e9viter d\u2019avoir cette r\u00e9action mais il faut se mettre \u00e0 sa place car on vit un cauchemar depuis quelque temps \u00e0 Lyon. Les supporters, en s\u2019en prenant aux joueurs, cr\u00e9ent une relation de tension qui devient insupportable\u00bb, a d\u00e9nonc\u00e9 le boss de Lyon au micro de\u00a0Prime Video.\u00a0<em>\u00abMerci \u00e0 toute l\u2019\u00e9quipe et aux vrais supporters de l\u2019Olympique lyonnais\u00bb,<\/em>\u00a0a de son c\u00f4t\u00e9 \u00e9crit Karl\u00a0Toko\u00a0Ekambi\u00a0sur\u00a0Instagram\u00a0pour\u00a0apaiser les tensions.<\/p>\n<p style=\"text-align: justify;\">Interrog\u00e9 en conf\u00e9rence de presse, Peter Bosz a \u00e9voqu\u00e9 son incompr\u00e9hension\u00a0<em>\u00abJe vous livre mon sentiment, je ne comprends pas \u00e7a. Heureusement, je n\u2019\u00e9tais pas le seul \u00e0 ne pas comprendre, car d\u2019autres supporters ont encourag\u00e9 Karl en criant son nom. C\u2019\u00e9tait un groupe contre lui. On est tous de la famille de l\u2019OL. C\u2019est la premi\u00e8re fois que je rencontre \u00e7a. Je ne sais pas exactement ce qui s\u2019est pass\u00e9 mais je suis tr\u00e8s d\u00e9\u00e7u de ce qui est arriv\u00e9\u00bb<\/em>.<\/p>\n<p>Cet article <a rel=\"nofollow\" href=\"https:\/\/www.journalducameroun.com\/ligue-1-le-camerounais-toko-ekambi-un-buteur-insulte-par-son-public\/\">Ligue 1: le camerounais Toko Ekambi, un buteur insult\u00e9 par son public<\/a> est apparu en premier sur <a rel=\"nofollow\" href=\"https:\/\/www.journalducameroun.com\/\">Journal du Cameroun<\/a>.<\/p>\n<\/div>\n<p>Auteur: Emile Zola Nd\u00e9 Tchoussi<br \/>\n<a href=\"https:\/\/www.journalducameroun.com\/ligue-1-le-camerounais-toko-ekambi-un-buteur-insulte-par-son-public\/\">Cliquez ici pour lire l&rsquo;article depuis sa source.<\/a><\/p>\n","protected":false},"excerpt":{"rendered":"<p>Toko Ekambi n&rsquo;est pas en odeur de saintet\u00e9 ces derniers temps \u00e0 Lyon, au point d&rsquo;\u00eatre siffl\u00e9 par son propre public. Dernier exemple en date contre Montpellier samedi soir, au Groupama Stadium lors de la victoire (5-2).\u00a0 Un bref rappel des faits. Tout a commenc\u00e9 lorsque le Camerounais a c\u00e9l\u00e9br\u00e9 son but \u00e0 la 68e [&hellip;]<\/p>\n","protected":false},"author":1965,"featured_media":0,"comment_status":"closed","ping_status":"closed","sticky":false,"template":"","format":"standard","meta":{"fifu_image_url":"https:\/\/www.journalducameroun.com\/wp-content\/uploads\/2022\/04\/Toko-Ekambi-chambre-le-public.jpeg","fifu_image_alt":"Ligue 1: le camerounais Toko Ekambi, un buteur insult\u00e9 par son public","footnotes":""},"categories":[73,82],"tags":[],"class_list":["post-146268","post","type-post","status-publish","format-standard","hentry","category-actualite","category-cameroun"],"_links":{"self":[{"href":"https:\/\/linitiative.ca\/International\/wp-json\/wp\/v2\/posts\/146268","targetHints":{"allow":["GET"]}}],"collection":[{"href":"https:\/\/linitiative.ca\/International\/wp-json\/wp\/v2\/posts"}],"about":[{"href":"https:\/\/linitiative.ca\/International\/wp-json\/wp\/v2\/types\/post"}],"author":[{"embeddable":true,"href":"https:\/\/linitiative.ca\/International\/wp-json\/wp\/v2\/users\/1965"}],"replies":[{"embeddable":true,"href":"https:\/\/linitiative.ca\/International\/wp-json\/wp\/v2\/comments?post=146268"}],"version-history":[{"count":0,"href":"https:\/\/linitiative.ca\/International\/wp-json\/wp\/v2\/posts\/146268\/revisions"}],"wp:attachment":[{"href":"https:\/\/linitiative.ca\/International\/wp-json\/wp\/v2\/media?parent=146268"}],"wp:term":[{"taxonomy":"category","embeddable":true,"href":"https:\/\/linitiative.ca\/International\/wp-json\/wp\/v2\/categories?post=146268"},{"taxonomy":"post_tag","embeddable":true,"href":"https:\/\/linitiative.ca\/International\/wp-json\/wp\/v2\/tags?post=146268"}],"curies":[{"name":"wp","href":"https:\/\/api.w.org\/{rel}","templated":true}]}}