{"id":146270,"date":"2022-04-24T04:03:15","date_gmt":"2022-04-24T08:03:15","guid":{"rendered":"https:\/\/linitiative.ca\/International\/automobile-le-cameroun-recherche-un-prestataire-pour-letude-de-faisabilite-du-projet-cars\/"},"modified":"2022-04-24T04:03:15","modified_gmt":"2022-04-24T08:03:15","slug":"automobile-le-cameroun-recherche-un-prestataire-pour-letude-de-faisabilite-du-projet-cars","status":"publish","type":"post","link":"https:\/\/linitiative.ca\/International\/automobile-le-cameroun-recherche-un-prestataire-pour-letude-de-faisabilite-du-projet-cars\/","title":{"rendered":"Automobile\u00a0:\u00a0le Cameroun recherche un prestataire pour l\u2019\u00e9tude de faisabilit\u00e9 du projet Cars"},"content":{"rendered":"<div>\n<p>Le gouvernement Camerounais est d\u00e9cid\u00e9 \u00e0 mettre en \u0153uvre le processus de d\u00e9mat\u00e9rialisation de la cha\u00eene de valeur de l\u2019automobile. Il compte pour cela mettre un accent sur la s\u00e9curit\u00e9 des recettes ainsi que la num\u00e9risation des d\u00e9marches li\u00e9es aux finances, assurances, transports, police et gendarmerie. Tout en accentuant la synergie entre ces diff\u00e9rentes composantes qui entrent dans la valorisation de ce secteur d\u2019activit\u00e9. Pour la circonstance, l\u2019Etat a d\u00e9cid\u00e9 de relancer le projet Cameroon Automotive Registration Service (Cars) qui a \u00e9t\u00e9 soumis \u00e0 son appr\u00e9ciation le 31 janvier 2019, par l\u2019entreprise Softpace GmbH bas\u00e9e en Allemagne. Le minist\u00e8re des Finances vient en effet de lancer un avis de sollicitation \u00e0 manifestation d\u2019int\u00e9r\u00eat pour l\u2019\u00e9tude de faisabilit\u00e9 dudit projet. Concr\u00e8tement, il souhaite recruter un prestataire dont la mission sera de d\u00e9finir les conditions qui rendent favorables ou d\u00e9favorables la r\u00e9alisation dudit projet au Cameroun.<\/p>\n<p>\u00abIl est question de discuter de l\u2019organisation du projet Cars vis-\u00e0-vis de l\u2019organisation gouvernementale de son aspect de la r\u00e9glementation en vigueur au Cameroun, de juger la capacit\u00e9 de la technologie propos\u00e9e en vue de satisfaire les diff\u00e9rentes administrations concern\u00e9es, de d\u00e9montrer combien le projet Cars co\u00fbterait au Cameroun, de d\u00e9montrer son retour sur investissement \u00e9ventuel pour l\u2019Etat du Cameroun, de d\u00e9terminer les incidences du projet sur la soci\u00e9t\u00e9 camerounaise, de d\u00e9crire et d\u2019analyser l\u2019impact \u00e9conomique que pourrait avoir le projet, de d\u00e9terminer quels sont les avantages financiers du projet cars, d\u2019analyser sa strat\u00e9gie et de financement et de s\u2019assurer que le projet est susceptible de g\u00e9n\u00e9rer des revenus attractifs durables et de susciter l\u2019int\u00e9r\u00eat des op\u00e9rateurs et investisseurs priv\u00e9s\u00bb, peut-on lire dans l\u2019appel d\u2019offres.<\/p>\n<p>Le prestataire qui sera choisi au terme du processus de s\u00e9lection, aura pour obligation de mobiliser une \u00e9quipe compos\u00e9e d\u2019un expert av\u00e9r\u00e9 en management des organisations et des syst\u00e8mes d\u2019information (15 ans d\u2019exp\u00e9rience minimum), un expert en fiscalit\u00e9, en droit des affaires et en automobile. La copie qu\u2019il rendra au bout de 90 jours, doit \u00e9galement \u00eatre le condens\u00e9 d\u2019enqu\u00eates de terrain men\u00e9es sur des sites urbain, p\u00e9ri-urbain, interurbain et ruraux (corridor, Douala-Ndjamena, Douala- Yaound\u00e9, Douala-Bamenda etc.). Un comit\u00e9 ad hoc cr\u00e9\u00e9 pour la circonstance va veiller au respect strict de ces prescriptions. Les dossiers de candidature doivent parvenir au service des march\u00e9s du minist\u00e8re des Finances, avant le 10 mai 2022.<\/p>\n<p>Pour m\u00e9moire, le projet Cars a \u00e9t\u00e9 soumis \u00e0 l\u2019appr\u00e9ciation des services du premier ministre en janvier 2019. En avril 2019, il est transf\u00e9r\u00e9 par le Secr\u00e9taire g\u00e9n\u00e9ral du Premier minist\u00e8re, au minist\u00e8re des Finances pour avis. Apr\u00e8s de multiples r\u00e9unions avec le promoteur mais \u00e9galement les responsables des administrations concern\u00e9es, dont la pr\u00e9sence a \u00e9t\u00e9 vivement sollicit\u00e9e, l\u2019id\u00e9e d\u2019un partenariat public- priv\u00e9e est n\u00e9e. Mais avant sa concr\u00e9tisation, il fallait au pr\u00e9alable r\u00e9aliser une \u00e9tude de faisabilit\u00e9. D\u2019o\u00f9 l\u2019avis de sollicitation \u00e0 manifestation d\u2019int\u00e9r\u00eat sus-\u00e9voqu\u00e9.<\/p>\n<p>L\u2019article <a rel=\"nofollow\" href=\"https:\/\/ecomatin.net\/automobile-le-cameroun-recherche-un-prestataire-pour-r-letude-de-faisabilite-du-projet-cars\/\">Automobile\u00a0:\u00a0le Cameroun recherche un prestataire pour l\u2019\u00e9tude de faisabilit\u00e9 du projet Cars<\/a> est apparu en premier sur <a rel=\"nofollow\" href=\"https:\/\/ecomatin.net\/\">EcoMatin<\/a>.<\/p>\n<\/div>\n<p>Auteur: Paul Tjeg<br \/>\n<a href=\"https:\/\/ecomatin.net\/automobile-le-cameroun-recherche-un-prestataire-pour-r-letude-de-faisabilite-du-projet-cars\/\">Cliquez ici pour lire l&rsquo;article depuis sa source.<\/a><\/p>\n","protected":false},"excerpt":{"rendered":"<p>Le gouvernement Camerounais est d\u00e9cid\u00e9 \u00e0 mettre en \u0153uvre le processus de d\u00e9mat\u00e9rialisation de la cha\u00eene de valeur de l\u2019automobile. Il compte pour cela mettre un accent sur la s\u00e9curit\u00e9 des recettes ainsi que la num\u00e9risation des d\u00e9marches li\u00e9es aux finances, assurances, transports, police et gendarmerie. Tout en accentuant la synergie entre ces diff\u00e9rentes composantes [&hellip;]<\/p>\n","protected":false},"author":1969,"featured_media":0,"comment_status":"closed","ping_status":"closed","sticky":false,"template":"","format":"standard","meta":{"fifu_image_url":"","fifu_image_alt":"","footnotes":""},"categories":[82,78],"tags":[],"class_list":["post-146270","post","type-post","status-publish","format-standard","hentry","category-cameroun","category-economie"],"_links":{"self":[{"href":"https:\/\/linitiative.ca\/International\/wp-json\/wp\/v2\/posts\/146270","targetHints":{"allow":["GET"]}}],"collection":[{"href":"https:\/\/linitiative.ca\/International\/wp-json\/wp\/v2\/posts"}],"about":[{"href":"https:\/\/linitiative.ca\/International\/wp-json\/wp\/v2\/types\/post"}],"author":[{"embeddable":true,"href":"https:\/\/linitiative.ca\/International\/wp-json\/wp\/v2\/users\/1969"}],"replies":[{"embeddable":true,"href":"https:\/\/linitiative.ca\/International\/wp-json\/wp\/v2\/comments?post=146270"}],"version-history":[{"count":0,"href":"https:\/\/linitiative.ca\/International\/wp-json\/wp\/v2\/posts\/146270\/revisions"}],"wp:attachment":[{"href":"https:\/\/linitiative.ca\/International\/wp-json\/wp\/v2\/media?parent=146270"}],"wp:term":[{"taxonomy":"category","embeddable":true,"href":"https:\/\/linitiative.ca\/International\/wp-json\/wp\/v2\/categories?post=146270"},{"taxonomy":"post_tag","embeddable":true,"href":"https:\/\/linitiative.ca\/International\/wp-json\/wp\/v2\/tags?post=146270"}],"curies":[{"name":"wp","href":"https:\/\/api.w.org\/{rel}","templated":true}]}}