{"id":146271,"date":"2022-04-24T05:30:28","date_gmt":"2022-04-24T09:30:28","guid":{"rendered":"https:\/\/linitiative.ca\/International\/sosucam-suspend-temporairement-les-activites-de-son-usine-de-mbandjock\/"},"modified":"2022-04-24T05:30:28","modified_gmt":"2022-04-24T09:30:28","slug":"sosucam-suspend-temporairement-les-activites-de-son-usine-de-mbandjock","status":"publish","type":"post","link":"https:\/\/linitiative.ca\/International\/sosucam-suspend-temporairement-les-activites-de-son-usine-de-mbandjock\/","title":{"rendered":"Sosucam suspend temporairement les activit\u00e9s de son usine de Mbandjock"},"content":{"rendered":"<div>\n<p>C\u2019est un nouveau vent de turbulence qui frappe la Soci\u00e9t\u00e9 sucri\u00e8re du Cameroun (Sosucam), filiale du groupe Somdiaa. En effet depuis le 22 avril 2022, son usine de Mbandjock, dans le d\u00e9partement de la Haute Sanaga, r\u00e9gion du Centre, est hors service de fa\u00e7on temporaire. \u00ab\u00a0Pour faire face \u00e0 cette situation en attendant d\u2019avoir une meilleure visibilit\u00e9, l\u2019usine de Mbandjock va temporairement suspendre son fonctionnement d\u00e8s ce jour\u00a0\u00bb, apprend-on d\u2019un communiqu\u00e9 sign\u00e9 par Emmanuel Castels, le Directeur g\u00e9n\u00e9ral adjoint de cette entreprise.<\/p>\n<p><strong>Lire aussi : <a href=\"https:\/\/ecomatin.net\/la-direction-generale-de-sosucam-augmente-la-prime-de-coupe-des-travailleurs2\/\" target=\"_blank\" rel=\"noreferrer noopener\">La Direction g\u00e9n\u00e9rale de Sosucam augmente la prime de coupe des travailleurs<\/a><\/strong><\/p>\n<p>La mesure conservatoire prise par cette structure nait du fait que\u00a0: \u00abdepuis le d\u00e9but de la semaine en cours, nous vivons des restrictions dans les livraisons de carburant qui nous ont amen\u00e9 aujourd\u2019hui \u00e0 un niveau critique. Depuis hier, notre fournisseur de carburant ne parvient plus \u00e0 honorer les livraisons journali\u00e8res de carburant n\u00e9cessaire pour notre exploitation\u00a0\u00bb, peut-on lire sur le communiqu\u00e9.<\/p>\n<p><strong>Lire aussi : <a href=\"https:\/\/ecomatin.net\/filiere-sucriere-la-colere-des-coupeurs-de-cannes-fait-reculer-la-sosucam\/\" target=\"_blank\" rel=\"noreferrer noopener\">Fili\u00e8re sucri\u00e8re : la col\u00e8re des coupeurs de cannes fait reculer la Sosucam\u00a0<\/a><\/strong><\/p>\n<p>\u00a0Ladite mesure sera donc maintenue jusqu\u2019\u00e0 ce que \u00ab\u00a0la reconstitution d\u2019un stock et la reprise r\u00e9guli\u00e8re des livraisons par le fournisseur\u00a0\u00bb, indique Emmanuel Castels, dans son communiqu\u00e9. Une situation qui pourrait mettre \u00e0 mal la production sucri\u00e8re de cette entreprise qui contr\u00f4le 70% du march\u00e9 du sucre au Cameroun.<\/p>\n<p><strong>Lire aussi : <a href=\"https:\/\/ecomatin.net\/sosucam-veut-racheter-les-parts-de-ses-ex-employes\/\" target=\"_blank\" rel=\"noreferrer noopener\">Sosucam veut racheter les parts de ses ex-employ\u00e9s<\/a><\/strong><\/p>\n<p>Rappelons que cette nouvelle crise intervient peu apr\u00e8s, le mouvement organis\u00e9 par les coupeurs de canne \u00e0 sucre dans l\u2019usine de Nkoteng.<\/p>\n<p>L\u2019article <a rel=\"nofollow\" href=\"https:\/\/ecomatin.net\/sosucam-suspend-temporairement-les-activites-de-son-n-usine-de-mbandjock\/\">Sosucam suspend temporairement les activit\u00e9s de son usine de Mbandjock<\/a> est apparu en premier sur <a rel=\"nofollow\" href=\"https:\/\/ecomatin.net\/\">EcoMatin<\/a>.<\/p>\n<\/div>\n<p>Auteur: Cindy MBALA<br \/>\n<a href=\"https:\/\/ecomatin.net\/sosucam-suspend-temporairement-les-activites-de-son-n-usine-de-mbandjock\/\">Cliquez ici pour lire l&rsquo;article depuis sa source.<\/a><\/p>\n","protected":false},"excerpt":{"rendered":"<p>C\u2019est un nouveau vent de turbulence qui frappe la Soci\u00e9t\u00e9 sucri\u00e8re du Cameroun (Sosucam), filiale du groupe Somdiaa. En effet depuis le 22 avril 2022, son usine de Mbandjock, dans le d\u00e9partement de la Haute Sanaga, r\u00e9gion du Centre, est hors service de fa\u00e7on temporaire. \u00ab\u00a0Pour faire face \u00e0 cette situation en attendant d\u2019avoir une [&hellip;]<\/p>\n","protected":false},"author":1969,"featured_media":0,"comment_status":"closed","ping_status":"closed","sticky":false,"template":"","format":"standard","meta":{"fifu_image_url":"","fifu_image_alt":"","footnotes":""},"categories":[82,78],"tags":[],"class_list":["post-146271","post","type-post","status-publish","format-standard","hentry","category-cameroun","category-economie"],"_links":{"self":[{"href":"https:\/\/linitiative.ca\/International\/wp-json\/wp\/v2\/posts\/146271","targetHints":{"allow":["GET"]}}],"collection":[{"href":"https:\/\/linitiative.ca\/International\/wp-json\/wp\/v2\/posts"}],"about":[{"href":"https:\/\/linitiative.ca\/International\/wp-json\/wp\/v2\/types\/post"}],"author":[{"embeddable":true,"href":"https:\/\/linitiative.ca\/International\/wp-json\/wp\/v2\/users\/1969"}],"replies":[{"embeddable":true,"href":"https:\/\/linitiative.ca\/International\/wp-json\/wp\/v2\/comments?post=146271"}],"version-history":[{"count":0,"href":"https:\/\/linitiative.ca\/International\/wp-json\/wp\/v2\/posts\/146271\/revisions"}],"wp:attachment":[{"href":"https:\/\/linitiative.ca\/International\/wp-json\/wp\/v2\/media?parent=146271"}],"wp:term":[{"taxonomy":"category","embeddable":true,"href":"https:\/\/linitiative.ca\/International\/wp-json\/wp\/v2\/categories?post=146271"},{"taxonomy":"post_tag","embeddable":true,"href":"https:\/\/linitiative.ca\/International\/wp-json\/wp\/v2\/tags?post=146271"}],"curies":[{"name":"wp","href":"https:\/\/api.w.org\/{rel}","templated":true}]}}