{"id":146287,"date":"2022-04-25T09:35:56","date_gmt":"2022-04-25T13:35:56","guid":{"rendered":"https:\/\/linitiative.ca\/International\/semaine-nationale-de-vaccination-du-25-au-30-avril\/"},"modified":"2022-04-25T09:35:56","modified_gmt":"2022-04-25T13:35:56","slug":"semaine-nationale-de-vaccination-du-25-au-30-avril","status":"publish","type":"post","link":"https:\/\/linitiative.ca\/International\/semaine-nationale-de-vaccination-du-25-au-30-avril\/","title":{"rendered":"Semaine nationale de vaccination du 25 au 30 avril"},"content":{"rendered":"<div>\n<div style=\"margin-bottom:20px;\"><img loading=\"lazy\" decoding=\"async\" width=\"750\" height=\"430\" src=\"https:\/\/linitiative.ca\/International\/wp-content\/uploads\/sites\/23\/2022\/04\/vaccin-copier.jpg\" class=\"attachment-post-thumbnail size-post-thumbnail wp-post-image\" alt=\"\" srcset=\"https:\/\/linitiative.ca\/International\/wp-content\/uploads\/sites\/23\/2022\/04\/vaccin-copier.jpg 750w, https:\/\/www.mapmarrakech.ma\/map\/uploads\/2022\/04\/vaccin-copier-300x172.jpg 300w\" sizes=\"auto, (max-width: 750px) 100vw, 750px\"><\/div>\n<p>Cette campagne vise \u00e0 rappeler que la vaccination est une mesure cl\u00e9 des soins de sant\u00e9 primaires, un droit humain incontestable et l\u2019un des meilleurs investissements dans le domaine de la sant\u00e9, a indiqu\u00e9 le minist\u00e8re dans un communiqu\u00e9.<\/p>\n<p>\u00ab\u00a0En effet, les vaccins sont essentiels \u00e0 la pr\u00e9vention et la lutte contre des flamb\u00e9es de maladies infectieuses et ils sont les garants de la s\u00e9curit\u00e9 sanitaire mondiale comme en t\u00e9moigne la pand\u00e9mie de COVID-19 o\u00f9 la vaccination s\u2019est distingu\u00e9e comme un levier majeur pour limiter, voire maitriser, la pand\u00e9mie permettant ainsi un retour progressif \u00e0 la vie normale\u00a0\u00bb, pr\u00e9cise-t-on.<\/p>\n<p>La c\u00e9l\u00e9bration de cette semaine offre une occasion pour renforcer la confiance de la communaut\u00e9 dans l\u2019utilit\u00e9 des vaccins d\u2019une part et, d\u2019autre part, pour contribuer \u00e0 rendre la population de plus en plus favorable \u00e0 l\u2019immunisation en respectant toutes les doses requises dans le calendrier national de vaccination pour une protection efficace aussi bien individuelle que collective contre les maladies \u00e0 pr\u00e9vention vaccinale.<\/p>\n<p>\u00ab\u00a0Gr\u00e2ce \u00e0 la Haute sollicitude de SM le Roi Mohammed VI, que Dieu l\u2019assiste, et \u00e0 l\u2019implication effective de Son Altesse Royale la Princesse Lalla Meryem, le Maroc fait partie des pays pionniers qui se sont engag\u00e9s pour assurer aux enfants le droit \u00e0 la sant\u00e9 en leur permettant l\u2019acc\u00e8s \u00e0 des vaccins s\u00fbrs, efficaces, de bonne qualit\u00e9 et gratuits selon les recommandations de l\u2019Organisation mondiale de la Sant\u00e9 (OMS) et du Comit\u00e9 national technique et scientifique consultatif de vaccination\u00a0\u00bb, souligne le communiqu\u00e9.<\/p>\n<p>Et d\u2019ajouter que de grandes avanc\u00e9es ont \u00e9t\u00e9 r\u00e9alis\u00e9es au Maroc en mati\u00e8re de vaccination contre les maladies cibles responsables auparavant d\u2019un lourd fardeau de morbidit\u00e9 et de mortalit\u00e9 chez les enfants de moins de 5 ans.<\/p>\n<p>Les efforts d\u00e9ploy\u00e9s dans le cadre du Programme national d\u2019Immunisation ont permis d\u2019atteindre une couverture vaccinale nationale contre les maladies cibl\u00e9es, d\u00e9passant 95%.<\/p>\n<p>The post <a rel=\"nofollow\" href=\"https:\/\/www.mapmarrakech.ma\/fr\/semaine-nationale-de-vaccination-du-25-au-30-avril\/\">Semaine nationale de vaccination du 25 au 30 avril<\/a> appeared first on <a rel=\"nofollow\" href=\"https:\/\/www.mapmarrakech.ma\/fr\">MapMarrakech<\/a>.<\/p>\n<\/div>\n<p>Auteur: Meriem IGASS<br \/>\n<a href=\"https:\/\/www.mapmarrakech.ma\/fr\/semaine-nationale-de-vaccination-du-25-au-30-avril\/\">Cliquez ici pour lire l&rsquo;article depuis sa source.<\/a><\/p>\n","protected":false},"excerpt":{"rendered":"<p>Cette campagne vise \u00e0 rappeler que la vaccination est une mesure cl\u00e9 des soins de sant\u00e9 primaires, un droit humain incontestable et l\u2019un des meilleurs investissements dans le domaine de la sant\u00e9, a indiqu\u00e9 le minist\u00e8re dans un communiqu\u00e9. \u00ab\u00a0En effet, les vaccins sont essentiels \u00e0 la pr\u00e9vention et la lutte contre des flamb\u00e9es de [&hellip;]<\/p>\n","protected":false},"author":1788,"featured_media":0,"comment_status":"closed","ping_status":"closed","sticky":false,"template":"","format":"standard","meta":{"fifu_image_url":"https:\/\/www.mapmarrakech.ma\/map\/uploads\/2022\/04\/vaccin-copier.jpg","fifu_image_alt":"Semaine nationale de vaccination du 25 au 30 avril","footnotes":""},"categories":[54,76],"tags":[],"class_list":["post-146287","post","type-post","status-publish","format-standard","hentry","category-maroc","category-regions"],"_links":{"self":[{"href":"https:\/\/linitiative.ca\/International\/wp-json\/wp\/v2\/posts\/146287","targetHints":{"allow":["GET"]}}],"collection":[{"href":"https:\/\/linitiative.ca\/International\/wp-json\/wp\/v2\/posts"}],"about":[{"href":"https:\/\/linitiative.ca\/International\/wp-json\/wp\/v2\/types\/post"}],"author":[{"embeddable":true,"href":"https:\/\/linitiative.ca\/International\/wp-json\/wp\/v2\/users\/1788"}],"replies":[{"embeddable":true,"href":"https:\/\/linitiative.ca\/International\/wp-json\/wp\/v2\/comments?post=146287"}],"version-history":[{"count":0,"href":"https:\/\/linitiative.ca\/International\/wp-json\/wp\/v2\/posts\/146287\/revisions"}],"wp:attachment":[{"href":"https:\/\/linitiative.ca\/International\/wp-json\/wp\/v2\/media?parent=146287"}],"wp:term":[{"taxonomy":"category","embeddable":true,"href":"https:\/\/linitiative.ca\/International\/wp-json\/wp\/v2\/categories?post=146287"},{"taxonomy":"post_tag","embeddable":true,"href":"https:\/\/linitiative.ca\/International\/wp-json\/wp\/v2\/tags?post=146287"}],"curies":[{"name":"wp","href":"https:\/\/api.w.org\/{rel}","templated":true}]}}