{"id":146289,"date":"2022-04-25T09:38:18","date_gmt":"2022-04-25T13:38:18","guid":{"rendered":"https:\/\/linitiative.ca\/International\/previsions-meteorologiques-pour-le-mardi-26-avril-2022\/"},"modified":"2022-04-25T09:38:18","modified_gmt":"2022-04-25T13:38:18","slug":"previsions-meteorologiques-pour-le-mardi-26-avril-2022","status":"publish","type":"post","link":"https:\/\/linitiative.ca\/International\/previsions-meteorologiques-pour-le-mardi-26-avril-2022\/","title":{"rendered":"Pr\u00e9visions m\u00e9t\u00e9orologiques pour le mardi 26 avril 2022"},"content":{"rendered":"<div>\n<div style=\"margin-bottom:20px;\"><img loading=\"lazy\" decoding=\"async\" width=\"750\" height=\"430\" src=\"https:\/\/linitiative.ca\/International\/wp-content\/uploads\/sites\/23\/2022\/04\/mC3A9tC3A9o.jpg\" class=\"attachment-post-thumbnail size-post-thumbnail wp-post-image\" alt=\"\" srcset=\"https:\/\/linitiative.ca\/International\/wp-content\/uploads\/sites\/23\/2022\/04\/mC3A9tC3A9o.jpg 750w, https:\/\/www.mapmarrakech.ma\/map\/uploads\/2021\/10\/m\u00e9t\u00e9o-300x172.jpg 300w\" sizes=\"auto, (max-width: 750px) 100vw, 750px\"><\/div>\n<p>\u2013 Pluies ou averses accompagn\u00e9es d\u2019orages sur les Haut et Moyen Atlas, leurs plaines Ouest avoisinantes, les plateaux de Phosphates et d\u2019Oulm\u00e8s, le Rif, le Saiss et l\u2019Oriental.<\/p>\n<p>\u2013 Faibles pluies et risque d\u2019orages localis\u00e9s par endroits sur le Sud-Est, les plaines nord et la M\u00e9diterran\u00e9e.<\/p>\n<p>\u2013 Flocons de neige sur les sommets du Haut Atlas.<\/p>\n<p>\u2013 Formations brumeuses ou bruines locales sur les provinces du Sud et les c\u00f4tes atlantiques nord et centre.<\/p>\n<p>\u2013 Chasse-poussi\u00e8res sur les provinces du Sud, le Sud-Est et l\u2019Oriental.<\/p>\n<p>\u2013 Rafales de vents assez fortes sur le nord des provinces du Sud et les c\u00f4tes centre et localement sur le sud de l\u2019Oriental et de l\u2019Atlas, le Sud-Est et le Souss.<\/p>\n<p>\u2013 Temp\u00e9ratures minimales de l\u2019ordre de 02\/08\u00b0C sur l\u2019Atlas, 07\/14\u00b0C sur le Rif, l\u2019Oriental, Oulm\u00e8s et le plateau de Phosphates, 10\/15\u00b0C sur le Nord, le Centre et le nord des provinces du Sud et de 15\/22\u00b0C sur le Sud-Est et le sud des provinces sahariennes.<\/p>\n<p>\u2013 Temp\u00e9ratures maximales en baisse, notamment sur le Nord et les montagnes.<\/p>\n<p>\u2013 Mer belle \u00e0 peu agit\u00e9e en M\u00e9diterran\u00e9e, calme \u00e0 peu agit\u00e9e sur le D\u00e9troit, peu agit\u00e9e entre Cap Spartel et Safi et peu agit\u00e9e \u00e0 agit\u00e9e ailleurs.<\/p>\n<p>The post <a rel=\"nofollow\" href=\"https:\/\/www.mapmarrakech.ma\/fr\/previsions-meteorologiques-pour-le-mardi-26-avril-2022\/\">Pr\u00e9visions m\u00e9t\u00e9orologiques pour le mardi 26 avril 2022<\/a> appeared first on <a rel=\"nofollow\" href=\"https:\/\/www.mapmarrakech.ma\/fr\">MapMarrakech<\/a>.<\/p>\n<\/div>\n<p>Auteur: Meriem IGASS<br \/>\n<a href=\"https:\/\/www.mapmarrakech.ma\/fr\/previsions-meteorologiques-pour-le-mardi-26-avril-2022\/\">Cliquez ici pour lire l&rsquo;article depuis sa source.<\/a><\/p>\n","protected":false},"excerpt":{"rendered":"<p>\u2013 Pluies ou averses accompagn\u00e9es d\u2019orages sur les Haut et Moyen Atlas, leurs plaines Ouest avoisinantes, les plateaux de Phosphates et d\u2019Oulm\u00e8s, le Rif, le Saiss et l\u2019Oriental. \u2013 Faibles pluies et risque d\u2019orages localis\u00e9s par endroits sur le Sud-Est, les plaines nord et la M\u00e9diterran\u00e9e. \u2013 Flocons de neige sur les sommets du Haut [&hellip;]<\/p>\n","protected":false},"author":1788,"featured_media":0,"comment_status":"closed","ping_status":"closed","sticky":false,"template":"","format":"standard","meta":{"fifu_image_url":"https:\/\/www.mapmarrakech.ma\/map\/uploads\/2021\/10\/m\u00e9t\u00e9o.jpg","fifu_image_alt":"Pr\u00e9visions m\u00e9t\u00e9orologiques pour le mardi 26 avril 2022","footnotes":""},"categories":[54,76],"tags":[],"class_list":["post-146289","post","type-post","status-publish","format-standard","hentry","category-maroc","category-regions"],"_links":{"self":[{"href":"https:\/\/linitiative.ca\/International\/wp-json\/wp\/v2\/posts\/146289","targetHints":{"allow":["GET"]}}],"collection":[{"href":"https:\/\/linitiative.ca\/International\/wp-json\/wp\/v2\/posts"}],"about":[{"href":"https:\/\/linitiative.ca\/International\/wp-json\/wp\/v2\/types\/post"}],"author":[{"embeddable":true,"href":"https:\/\/linitiative.ca\/International\/wp-json\/wp\/v2\/users\/1788"}],"replies":[{"embeddable":true,"href":"https:\/\/linitiative.ca\/International\/wp-json\/wp\/v2\/comments?post=146289"}],"version-history":[{"count":0,"href":"https:\/\/linitiative.ca\/International\/wp-json\/wp\/v2\/posts\/146289\/revisions"}],"wp:attachment":[{"href":"https:\/\/linitiative.ca\/International\/wp-json\/wp\/v2\/media?parent=146289"}],"wp:term":[{"taxonomy":"category","embeddable":true,"href":"https:\/\/linitiative.ca\/International\/wp-json\/wp\/v2\/categories?post=146289"},{"taxonomy":"post_tag","embeddable":true,"href":"https:\/\/linitiative.ca\/International\/wp-json\/wp\/v2\/tags?post=146289"}],"curies":[{"name":"wp","href":"https:\/\/api.w.org\/{rel}","templated":true}]}}